{"id":986,"date":"2023-01-11T10:36:47","date_gmt":"2023-01-11T09:36:47","guid":{"rendered":"https:\/\/modulocoop.fr\/?p=986"},"modified":"2023-01-11T10:36:47","modified_gmt":"2023-01-11T09:36:47","slug":"comment-sorganiser-sans-projet","status":"publish","type":"post","link":"https:\/\/laserfouette.fr\/index.php\/2023\/01\/11\/comment-sorganiser-sans-projet\/","title":{"rendered":"Comment s&rsquo;organiser sans projet ?"},"content":{"rendered":"<p>De tous mes articles, celui sur <a href=\"https:\/\/laserfouette.fr\/2022\/05\/10\/du-projet-au-rejet\/\" target=\"_blank\" rel=\"noopener\">le projet\u00a0<\/a>est celle dont on m\u2019a le plus reparl\u00e9. Elle a fait \u00e9cho, intrigu\u00e9.<\/p>\n<p>J\u2019y parlais de\u00a0<strong>pourquoi et comment se d\u00e9tacher du projet<\/strong>\u00a0et tu peux le retrouver\u00a0<strong><a href=\"https:\/\/laserfouette.fr\/2022\/05\/10\/du-projet-au-rejet\/\" target=\"_blank\" rel=\"noopener\">en cliquant ici.<\/a><\/strong><\/p>\n<p>\u00c7a m\u2019a donn\u00e9 envie de\u00a0<strong>creuser la r\u00e9flexion<\/strong>, qui est maintenant enrichie de plusieurs \u00e9changes avec des praticien\u00b7nes et autres d\u00e9\u00e7u\u00b7es de la gestion de projet.<\/p>\n<p>Effectivement, il n\u2019est pas si simple de mettre en place des alternatives&#8230;<br \/>\n<strong>Comment faire quand la structure d\u00e9pend des appels \u00e0 projet\u00a0? Quand c\u2019est le fonctionnement qui est adoub\u00e9 par la hi\u00e9rarchie ?, Quand faire autrement serait mal vu par les pairs et les regards ext\u00e9rieurs\u00a0?<\/strong><br \/>\nEt quand bien m\u00eame\u00a0un collectif est volontaire pour exp\u00e9rimenter d\u2019autres fonctionnements,\u00a0<strong>par o\u00f9 commencer\u00a0?\u00a0<\/strong>Difficile\u00a0de faire \u00e9voluer des pratiques bien ancr\u00e9e qui donnent un sentiment de contr\u00f4le et de s\u00e9curit\u00e9.<\/p>\n<p>Je n&rsquo;ai pas de r\u00e9ponses toutes faites \u00e0 ces questions&#8230;<br \/>\nPar contre, j&rsquo;ai des convictions sur le sujet que je vous partage :<\/p>\n<ul>\n<li>Il faudra toujours des projets, m\u00eame si on les appelle autrement. Se fixer des objectifs, voir loin, \u00e9valuer est une n\u00e9cessit\u00e9 en collectif, et la gestion de projet peut y aider.<\/li>\n<li>Il est vital\u00a0de penser d\u2019autres modes de fonctionnement. Devant les impr\u00e9vus, les incertitudes &#8211; par exemples celles venant avec le changement climatique- , il s&rsquo;agit de faire une plus grande place aux \u00e9motions, aux adaptations.<\/li>\n<li>\u00a0En somme, \u00e7a ne veut pas dire rayer de nos pratiques\u00a0la gestion par projet;\u00a0mais<strong>\u00a0replacer\u00a0celle-ci comme outil et non pas comme le c\u0153ur de ce que nous faisons.\u00a0<\/strong>Cela n\u00e9cessite en quelque sorte de\u00a0\u00ab\u00a0d\u00e9zoomer\u00a0\u00bb pour voir tout ce qui peut se trouver autour.<\/li>\n<\/ul>\n<p>Voil\u00e0\u00a0une premi\u00e8re piste, pour d\u00e9buter ce travail de d\u00e9construction :<br \/>\nRep\u00e9rer <em>\u2013<\/em>\u00a0et nommer si possible\u00a0<em>\u2013\u00a0<\/em>les moments o\u00f9 les outils de la gestion de projet desservent le but du collectif, par exemple quand ils :<\/p>\n<ul>\n<li>Tuent l\u2019envie<\/li>\n<li>Excluent les non-techniciens<\/li>\n<li>Freinent la r\u00e9partition des pouvoirs, et des responsabilit\u00e9s<\/li>\n<li>Bloquent l\u2019expression des \u00e9motions, des besoins<\/li>\n<li>Contraignent notre envie de se laisser surprendre<\/li>\n<li>Ne nous laissent plus le temps ou l\u2019\u00e9nergie d\u2019avoir des temps gratuits, sans objectifs, pour nos relations<\/li>\n<\/ul>\n<p><img data-opt-id=890338149  fetchpriority=\"high\" decoding=\"async\" src=\"https:\/\/mluknvwbnyjc.i.optimole.com\/w:768\/h:539\/q:mauto\/f:best\/https:\/\/laserfouette.fr\/wp-content\/uploads\/2023\/01\/Projet-2-768x539.jpeg\" sizes=\"(max-width: 768px) 100vw, 768px\" srcset=\"https:\/\/modulocoop.fr\/wp-content\/uploads\/2023\/01\/Projet-2-768x539.jpeg 768w, https:\/\/modulocoop.fr\/wp-content\/uploads\/2023\/01\/Projet-2-300x210.jpeg 300w, https:\/\/modulocoop.fr\/wp-content\/uploads\/2023\/01\/Projet-2-1024x718.jpeg 1024w, https:\/\/modulocoop.fr\/wp-content\/uploads\/2023\/01\/Projet-2-1536x1077.jpeg 1536w, https:\/\/modulocoop.fr\/wp-content\/uploads\/2023\/01\/Projet-2-2048x1436.jpeg 2048w, https:\/\/modulocoop.fr\/wp-content\/uploads\/2023\/01\/Projet-2-428x300.jpeg 428w\" alt=\"Titre : s'organiser sans projet Trois points pr\u00e9sent\u00e9s sous la forme 'un chemin : - Objectifs de moyens (et non de r\u00e9sultat) - Travailler le collectif - Assumer de ne pas savoir\" width=\"768\" height=\"539\" \/><\/p>\n<h5>Obligation de moyen et non de r\u00e9sultat<\/h5>\n<p>Dans une randonn\u00e9e, on ne peut pas garantir que tout le monde passera un bon moment.\u00a0Cela d\u00e9pend de facteur externes\u00a0que nous ne contr\u00f4lons pas (m\u00e9t\u00e9o, \u00e9v\u00e8nements fortuits, ressentis individuels etc.). En revanche\u00a0on peut faire en sorte d\u2019avoir le bon \u00e9quipement, de prendre en compte l\u2019\u00e9tat de fatigue, de se laisser la possibilit\u00e9 de changer l\u2019objectif de la balade. Concr\u00e8tement, dans nos collectifs, il peut s&rsquo;agir de bien distinguer les objectifs (indispensables pour une\u00a0r\u00e9ussite collective), des intentions (ce qu&rsquo;on souhaiterait qu&rsquo;il se passe).<\/p>\n<h5>Travailler le collectif<\/h5>\n<p>Si le projet de randonn\u00e9e est de gravir une montagne, ce qui nous fera avancer et qui restera a post\u00e9riori, ce sont les discussions qu&rsquo;on a eues, les rencontres qu&rsquo;on aura faites, les temps de repos etc. Ainsi, en favorisant l&rsquo;expression des \u00e9motions, la confiance, l&rsquo;enrichissement mutuel, on abouti \u00e0 des actions qui ont de la substance, qui sont uniques.<\/p>\n<h5>Assumer l&rsquo;incertitude<\/h5>\n<p>Un itin\u00e9raire tout trac\u00e9 d\u00e8s le d\u00e9part n&rsquo;est pas la seule option.\u00a0On peut \u00e9galement se concentrer sur la\u00a0prochaine\u00a0\u00e9tape. Et avancer petit \u00e0 petit en \u00e9tant r\u00e9guli\u00e8rement \u00e0 l&rsquo;\u00e9coute de ce qu&rsquo;il se vit. Cela permet notamment\u00a0d&#8217;emmener tout le monde, avec des\u00a0objectifs accessibles et \u00e9volutifs.<\/p>\n","protected":false},"excerpt":{"rendered":"<p>De tous mes articles, celui sur le projet\u00a0est celle dont on m\u2019a le plus reparl\u00e9. Elle a fait \u00e9cho, intrigu\u00e9. J\u2019y parlais de\u00a0pourquoi et comment se d\u00e9tacher du projet\u00a0et tu peux le retrouver\u00a0en cliquant ici. \u00c7a m\u2019a donn\u00e9 envie de\u00a0creuser la r\u00e9flexion, qui est maintenant enrichie de plusieurs \u00e9changes avec des praticien\u00b7nes et autres d\u00e9\u00e7u\u00b7es [&hellip;]<\/p>\n","protected":false},"author":1,"featured_media":987,"comment_status":"open","ping_status":"open","sticky":false,"template":"","format":"standard","meta":{"footnotes":""},"categories":[1],"tags":[],"class_list":["post-986","post","type-post","status-publish","format-standard","has-post-thumbnail","hentry","category-non-classe"],"_links":{"self":[{"href":"https:\/\/laserfouette.fr\/index.php\/wp-json\/wp\/v2\/posts\/986","targetHints":{"allow":["GET"]}}],"collection":[{"href":"https:\/\/laserfouette.fr\/index.php\/wp-json\/wp\/v2\/posts"}],"about":[{"href":"https:\/\/laserfouette.fr\/index.php\/wp-json\/wp\/v2\/types\/post"}],"author":[{"embeddable":true,"href":"https:\/\/laserfouette.fr\/index.php\/wp-json\/wp\/v2\/users\/1"}],"replies":[{"embeddable":true,"href":"https:\/\/laserfouette.fr\/index.php\/wp-json\/wp\/v2\/comments?post=986"}],"version-history":[{"count":0,"href":"https:\/\/laserfouette.fr\/index.php\/wp-json\/wp\/v2\/posts\/986\/revisions"}],"wp:featuredmedia":[{"embeddable":true,"href":"https:\/\/laserfouette.fr\/index.php\/wp-json\/wp\/v2\/media\/987"}],"wp:attachment":[{"href":"https:\/\/laserfouette.fr\/index.php\/wp-json\/wp\/v2\/media?parent=986"}],"wp:term":[{"taxonomy":"category","embeddable":true,"href":"https:\/\/laserfouette.fr\/index.php\/wp-json\/wp\/v2\/categories?post=986"},{"taxonomy":"post_tag","embeddable":true,"href":"https:\/\/laserfouette.fr\/index.php\/wp-json\/wp\/v2\/tags?post=986"}],"curies":[{"name":"wp","href":"https:\/\/api.w.org\/{rel}","templated":true}]}}