{"id":963,"date":"2022-10-24T10:26:02","date_gmt":"2022-10-24T08:26:02","guid":{"rendered":"https:\/\/modulocoop.fr\/?p=963"},"modified":"2026-02-02T15:15:22","modified_gmt":"2026-02-02T14:15:22","slug":"decidze-cest-gagne","status":"publish","type":"post","link":"https:\/\/laserfouette.fr\/index.php\/2022\/10\/24\/decidze-cest-gagne\/","title":{"rendered":"D\u00e9cider c&rsquo;est gagner !"},"content":{"rendered":"\n<p>S&rsquo;il y a bien quelque chose de commun \u00e0 tout collectif, c&rsquo;est la n\u00e9cessit\u00e9 de prendre des d\u00e9cisions : quelles actions on m\u00e8ne ? Comment ? Pourquoi ? Avec qui ? O\u00f9 ?&nbsp;&nbsp;<\/p>\n\n\n\n<p>L&rsquo;organisation hi\u00e9rarchique permet cela : il y a des personnes habilit\u00e9es \u00e0 prendre les d\u00e9cisions et d&rsquo;autres qui vont les ex\u00e9cuter.&nbsp;<br>Dans un collectif qui aspire \u00e0 une r\u00e9partition des pouvoirs, c&rsquo;est une autre paire de manches ! I<strong>l s&rsquo;agit de prendre des d\u00e9cisions collectivement, et s&rsquo;assurer qu&rsquo;elles soient ex\u00e9cut\u00e9es \u00e9quitablement.&nbsp;<\/strong><\/p>\n\n\n\n<p>Pour moi, c&rsquo;est la premi\u00e8re chose r\u00e9ellement d\u00e9stabilisante, quand je fais l&rsquo;exp\u00e9rience de l&rsquo;horizontalit\u00e9.&nbsp; Je retombe rapidement dans des r\u00e9flexes de hi\u00e9rarchie.&nbsp;Par exemple, dans un groupe que je ne connais pas bien, je pr\u00e9f\u00e8re que &#8230;<\/p>\n\n\n\n<ul class=\"wp-block-list\">\n<li>ce soit une autre&nbsp;personne qui prenne les d\u00e9cisions<\/li>\n\n\n\n<li>tout le monde tombe d&rsquo;accord<\/li>\n<\/ul>\n\n\n\n<p>C&rsquo;est tellement inconscient, implicite, qu&rsquo;il en devient difficile pour les groupes de s&rsquo;attaquer \u00e0 cette question. J&rsquo;ai remarqu\u00e9 que souvent, les personnes restent avec des insatisfactions sur la fa\u00e7on dont ielles prennent les d\u00e9cisions dans leur \u00e9quipe :<br>\u00ab\u00a0<em>On n&rsquo;arrive pas \u00e0 se mettre d&rsquo;accord<\/em>\u00ab\u00a0, \u00ab\u00a0<em>on avait d\u00e9cid\u00e9 \u00e7a, mais \u00e7a ne s&rsquo;est jamais fait<\/em>\u00ab\u00a0, etc.&nbsp;<\/p>\n\n\n\n<p>En creusant cette difficult\u00e9s, je me rends compte, que le probl\u00e8me se situe \u00e9galement&nbsp;<strong>en amont<\/strong>, au moment de&nbsp;<strong>la proposition.<\/strong>&nbsp;Par exemple quand je me restreints dans&nbsp;les proposition que je fais. En ne formulant que celles qui sont susceptibles de plaire aux personnes qui prennent les d\u00e9cisions. Ou bien celles qui ont une vraie chance de remporter le consensus.&nbsp;<\/p>\n\n\n\n<p>Et si on essayer de soigner cet \u00ab\u00a0avant\u00a0\u00bb, ainsi que \u00ab\u00a0l&rsquo;apr\u00e8s\u00a0\u00bb ?<br>\u21d2 La d\u00e9cision ne se prend PAS au moment du vote, mais bien avant<br>\u21d2 Une d\u00e9cision prise ne suffit pas \u00e0 ce qu&rsquo;elle soit mise en oeuvre<br>On parle de quelque chose de chronophage, d\u2019exigeant, qui demande de l\u2019adaptation. Mais \u00e7a vaut vraiment le coup :<\/p>\n\n\n\n<p><strong>Voila six \u00e9l\u00e9ments \u00e0 travailler collectivement, pour favoriser une culture de la d\u00e9cision partag\u00e9e.&nbsp;<\/strong><strong style=\"color: var( --e-global-color-07e4c02 ); text-align: inherit;\">\u21d3\u21d3\u21d3<\/strong><\/p>\n\n\n\n<p><img data-opt-id=1100325024  fetchpriority=\"high\" decoding=\"async\" width=\"1024\" height=\"726\" loading=\"lazy\" srcset=\"https:\/\/modulocoop.fr\/wp-content\/uploads\/2022\/10\/De\u0301cision-1024x726.jpeg 1024w, https:\/\/modulocoop.fr\/wp-content\/uploads\/2022\/10\/De\u0301cision-300x213.jpeg 300w, https:\/\/modulocoop.fr\/wp-content\/uploads\/2022\/10\/De\u0301cision-768x545.jpeg 768w, https:\/\/modulocoop.fr\/wp-content\/uploads\/2022\/10\/De\u0301cision-1536x1089.jpeg 1536w, https:\/\/modulocoop.fr\/wp-content\/uploads\/2022\/10\/De\u0301cision-2048x1453.jpeg 2048w, https:\/\/modulocoop.fr\/wp-content\/uploads\/2022\/10\/De\u0301cision-423x300.jpeg 423w\" sizes=\"auto, (max-width: 1024px) 100vw, 1024px\" src=\"https:\/\/mluknvwbnyjc.i.optimole.com\/w:1024\/h:726\/q:mauto\/f:best\/https:\/\/laserfouette.fr\/wp-content\/uploads\/2022\/10\/De%CC%81cision-1024x726.jpeg\" alt=\"Titre : cultiver la prise de d\u00e9cision en collectif. Avant : proposer sans compter, inviter \u00e0 la proposition. Pendant : objecter sans juger, pers\u00e9v\u00e9rer. Apr\u00e8s : faire m\u00e9moire, mandater\"><br><\/p>\n\n\n\n<p class=\"has-text-align-center\"><strong>\u261d\ufe0f\u200bProposer &amp; inviter<\/strong><\/p>\n\n\n\n<p>L&rsquo;id\u00e9e est surtout de pr\u00e9voir des temps d\u00e9di\u00e9s \u00e0 l&rsquo;expression des id\u00e9es et \u00e0 la cr\u00e9ativit\u00e9. Installer un climat, o\u00f9 cela devient naturel de proposer. Tu peux retrouver une explication de la temp\u00eate de cerveau &#8211; et de plein d&rsquo;autre outils ! &#8211; dans ce doc&nbsp;sur <strong><a href=\"https:\/\/www.frmjccentre.org\/reseau-aj45\/wp-content\/uploads\/2018\/10\/Outils-susciter-la-participation.pdf\" target=\"_blank\" rel=\"noreferrer noopener\">la participation et la&nbsp;prise de d\u00e9cision<\/a>&nbsp;(Coop\u00e9rative l&rsquo;Engrenage)<\/strong>.<\/p>\n\n\n\n<p class=\"has-text-align-center\">\ud83e\udd1a<strong>\u200bObjecter&nbsp;<\/strong><\/p>\n\n\n\n<p>La d\u00e9cision par consentement est un mode de prise de d\u00e9cision qui favorise le travail d&rsquo;une proposition, \u00e0 partir des objections. Pour creuser ce sujet,&nbsp; je t&rsquo;invite \u00e0 parcourir les fiches d&rsquo;Instant Z, notamment&nbsp;celle qui <a href=\"https:\/\/instantz.org\/wp-content\/uploads\/2020\/08\/MZ-Brique-Re%CC%81organisation-Fiche-Validite%CC%81-des-objections-V2020.pdf\" target=\"_blank\" rel=\"noreferrer noopener\">permet d&rsquo;animer l&rsquo;expression des objections<\/a>.&nbsp;&nbsp;<\/p>\n\n\n\n<p class=\"has-text-align-center\">\u270a<strong> Pers\u00e9v\u00e9rer<\/strong><\/p>\n\n\n\n<p>Dans une r\u00e9union, sur un temps donn\u00e9, quelqu&rsquo;un peut prendre le r\u00f4le de \u00ab\u00a0pousse-d\u00e9cision\u00a0\u00bb. La personne qui prend en charge se r\u00f4le est l\u00e0 pour rappeler l&rsquo;objectif quand les discussions tournent en rond, dire quand aucune d\u00e9cision n&rsquo;a \u00e9t\u00e9 prise avant de passer \u00e0 un autre sujet. <\/p>\n\n\n\n<p class=\"has-text-align-center\"><strong>\u270d\ufe0f\u200b Faire m\u00e9moire<\/strong><\/p>\n\n\n\n<p>Parent de celui de scribe, le r\u00f4le de&nbsp;gardien\u00b7ne de la m\u00e9moire (ou <strong>grimoire<\/strong> selon Aequitaz), peut servir sur un temps long. Il est ainsi charg\u00e9 de garder une trace des d\u00e9cisions prises, et de les&nbsp;rappeler en d\u00e9but de r\u00e9union. Le&nbsp;gardien\u00b7ne de la m\u00e9moire fait en sorte de rendre visible les propositions et d\u00e9cisions (paper-board, post-it, et autres).&nbsp;<\/p>\n\n\n\n<p class=\"has-text-align-center\">\u200b\ud83d\udc4d\u200b <strong>Mandater<\/strong>&nbsp;<\/p>\n\n\n\n<p>La mise en \u0153uvre\u00a0d&rsquo;une d\u00e9cision tient souvent \u00e0 tr\u00e8s peu\u00a0de choses. Apr\u00e8s qu&rsquo;une\u00a0d\u00e9cision soit\u00a0prise collectivement, il convient d&rsquo;identifier la ou les\u00a0personnes qui vont la mettre en \u0153uvre. Faire un mandat (une petite feuille o\u00f9 sont \u00e9crites les t\u00e2ches attendues, le d\u00e9lai de r\u00e9alisation, les personnes en charge, etc.), permet de rendre visible la responsabilit\u00e9 qui est confi\u00e9e. C&rsquo;est aussi un moyen pour le groupe de\u00a0l\u00e2cher\u00a0prise sur la\u00a0r\u00e9alisation op\u00e9rationnelle. Je tiens cette id\u00e9e de <strong><a href=\"https:\/\/fertiles.labascule.org\/nos-ressources\/\" target=\"_blank\" rel=\"noreferrer noopener\">Fert\u00eeles, dans leurs \u00ab\u00a0outils Coop'\u00a0\u00bb<\/a><\/strong>.\u00a0\u00a0<\/p>\n","protected":false},"excerpt":{"rendered":"<p>S&rsquo;il y a bien quelque chose de commun \u00e0 tout collectif, c&rsquo;est la n\u00e9cessit\u00e9 de prendre des d\u00e9cisions : quelles actions on m\u00e8ne ? Comment ? Pourquoi ? Avec qui ? O\u00f9 ?&nbsp;&nbsp; L&rsquo;organisation hi\u00e9rarchique permet cela : il y a des personnes habilit\u00e9es \u00e0 prendre les d\u00e9cisions et d&rsquo;autres qui vont les ex\u00e9cuter.&nbsp;Dans un [&hellip;]<\/p>\n","protected":false},"author":1,"featured_media":964,"comment_status":"open","ping_status":"open","sticky":false,"template":"","format":"standard","meta":{"footnotes":""},"categories":[1],"tags":[],"class_list":["post-963","post","type-post","status-publish","format-standard","has-post-thumbnail","hentry","category-non-classe"],"_links":{"self":[{"href":"https:\/\/laserfouette.fr\/index.php\/wp-json\/wp\/v2\/posts\/963","targetHints":{"allow":["GET"]}}],"collection":[{"href":"https:\/\/laserfouette.fr\/index.php\/wp-json\/wp\/v2\/posts"}],"about":[{"href":"https:\/\/laserfouette.fr\/index.php\/wp-json\/wp\/v2\/types\/post"}],"author":[{"embeddable":true,"href":"https:\/\/laserfouette.fr\/index.php\/wp-json\/wp\/v2\/users\/1"}],"replies":[{"embeddable":true,"href":"https:\/\/laserfouette.fr\/index.php\/wp-json\/wp\/v2\/comments?post=963"}],"version-history":[{"count":1,"href":"https:\/\/laserfouette.fr\/index.php\/wp-json\/wp\/v2\/posts\/963\/revisions"}],"predecessor-version":[{"id":1702,"href":"https:\/\/laserfouette.fr\/index.php\/wp-json\/wp\/v2\/posts\/963\/revisions\/1702"}],"wp:featuredmedia":[{"embeddable":true,"href":"https:\/\/laserfouette.fr\/index.php\/wp-json\/wp\/v2\/media\/964"}],"wp:attachment":[{"href":"https:\/\/laserfouette.fr\/index.php\/wp-json\/wp\/v2\/media?parent=963"}],"wp:term":[{"taxonomy":"category","embeddable":true,"href":"https:\/\/laserfouette.fr\/index.php\/wp-json\/wp\/v2\/categories?post=963"},{"taxonomy":"post_tag","embeddable":true,"href":"https:\/\/laserfouette.fr\/index.php\/wp-json\/wp\/v2\/tags?post=963"}],"curies":[{"name":"wp","href":"https:\/\/api.w.org\/{rel}","templated":true}]}}