{"id":943,"date":"2022-08-30T10:30:18","date_gmt":"2022-08-30T08:30:18","guid":{"rendered":"https:\/\/modulocoop.fr\/?p=943"},"modified":"2026-02-02T15:18:45","modified_gmt":"2026-02-02T14:18:45","slug":"la-radicalite-en-questions","status":"publish","type":"post","link":"https:\/\/laserfouette.fr\/index.php\/2022\/08\/30\/la-radicalite-en-questions\/","title":{"rendered":"La radicalit\u00e9 en questions"},"content":{"rendered":"<p>Depuis que je travaille la question des pouvoirs dans les groupes, la question de la radicalit\u00e9 m&rsquo;appara\u00eet comme centrale. Pour moi, ce sont m\u00eame deux questions, qui sont tr\u00e8s int\u00e9ressantes pour un groupe.<\/p>\n<p>\ud83c\udf0d\u00a0Qu&rsquo;est-ce que nous voulons voir comme changement (dans la soci\u00e9t\u00e9, autour de nous, ou \u00e0 l&rsquo;interne du groupe) ?<br \/>\ud83c\udf08\u200b \u00c0 quoi sommes-nous pr\u00eat\u00b7es pour mener ce changement (les moyens employ\u00e9s, le discours tenus, l&rsquo;investissement etc.)\u00a0?<\/p>\n<p>Et pourtant, j&rsquo;ai observ\u00e9 que\u00a0<strong>ces questions sont tr\u00e8s rarement pos\u00e9es\u00a0<\/strong>dans les groupes avec lesquels je travaille. Qu&rsquo;ils soient militants, associatifs etc.\u00a0<br \/>De mon exp\u00e9rience, trois cas de figure conduisent\u00a0\u00e0 esquiver la radicalit\u00e9\u00a0:\u00a0<\/p>\n<ul>\n<li>Dans certains groupes, la radicalit\u00e9 est pos\u00e9e comme une \u00e9vidence. On est dans la culture du \u00ab\u00a0faire\u00a0\u00bb, et celle du sacrifice, qui occultent souvent la remise\u00a0en question.<\/li>\n<li>Dans d&rsquo;autre, l&rsquo;id\u00e9e m\u00eame de \u00ab\u00a0radicalit\u00e9\u00a0\u00bb suscite le rejet. On veut \u00eatre syst\u00e9matiquement dans la juste mesure, et on discr\u00e9dite\u00a0les positions per\u00e7ues comme \u00ab\u00a0extr\u00eames\u00a0\u00bb.\u00a0Ce qui finalement\u00a0emp\u00eache la conduite de changement.\u00a0<\/li>\n<li>Mais le plus souvent, c&rsquo;est simplement une indiff\u00e9rence et un\u00a0flou qui r\u00e8gne\u00a0sur cette question de radicalit\u00e9. Ce qui \u00a0engendre\u00a0des blocages, des incompr\u00e9hensions au moment de passer \u00e0 l&rsquo;action. Avec des personnes qui ne se sentent pas respect\u00e9es dans leurs limites. D\u2019autres qui sont d\u00e9\u00e7ues, frustr\u00e9es du manque de port\u00e9e etc.\u00a0<\/li>\n<\/ul>\n<p>\ud83e\udd55\u200b Dans ces trois\u00a0cas de figure, c&rsquo;est l&rsquo;impens\u00e9\u00a0de la radicalit\u00e9 qui pose probl\u00e8me.\u00a0Je suis convaincue que c\u2019est un terme qui permet de faire un pas de c\u00f4t\u00e9. D\u2019<strong>aller \u00e0 la racine<\/strong>, comme le veut son \u00e9tymologie.\u00a0<\/p>\n<p>Alors\u00a0je me suis demand\u00e9e comment penser la radicalit\u00e9 dans un collectif qui aspire \u00e0 mener un changement.<br \/>\ud83d\udeb2\u200b\u00a0Voila quelques pistes pour d\u00e9marrer la r\u00e9flexion en prenant\u00a0l&rsquo;exemple d&rsquo;un groupe d&rsquo;habitants d&rsquo;une ville qui lutte pour rendre le centre-ville cyclable :COLLECTIVEMENT<br \/>\u00a0<strong>\u00a0Quels est notre objectif, notre but ?\u00a0<\/strong><br \/>\ud83c\udfc6<em>\u00a0Ce qu&rsquo;on souhaite exactement : un centre-ville cyclable = sans voiture ? La cr\u00e9ation de pistes cyclable ou bien de rue partag\u00e9e avec les pi\u00e9tons ?\u00a0<\/em><strong>Quels moyens sommes-nous pr\u00eat \u00e0 employer ?\u00a0<\/strong><br \/><em>\u00a0\u200b\ud83d\udd27\u200b Voulons-nous faire de la sensibilisation ou conduire un changement effectif ? Envisageons-nous la confrontation avec la Mairie ? Avec les associations d&rsquo;automobilistes ?\u00a0<\/em><br \/><strong>Quel est notre cadre d&rsquo;action ? \u00a0<\/strong><br \/>\u26a0\ufe0f<em>Quelles r\u00e8gles nous fixons-nous ? Quelles limites \u00e0 ne pas d\u00e9passer (violence physique, verbale, d\u00e9t\u00e9rioration de l&rsquo;espace public) ? Acceptons-nous le cadre l\u00e9gal ou bien contestons-nous certaines choses qui doivent changer ?\u00a0<\/em>INDIVIDUELLEMENT<\/p>\n<p><strong>Quel est mon int\u00e9r\u00eat dans ce changement ?\u00a0<\/strong><br \/>\u2728<em>\u00a0Qu&rsquo;est-ce qu&rsquo;un centre-ville cyclable changera \u00e0 mon quotidien\u00a0 (s\u00e9curit\u00e9, confort, changement de v\u00e9hicule) ?<\/em><\/p>\n<p><strong>Quelles sont mes limites dans la conduite dans ce changement ?\u00a0<\/strong><br \/>\u26d4\u00a0<em>Quel temps ai-je envie de mettre dans cette lutte ? Est-ce que je souhaite \u00eatre identifi\u00e9\u00b7e \u00e0 la lutte, par les autres habitants, mes proches etc. ?\u00a0<\/em><strong>Quels sont mes besoins, mes conditions\u00a0pour pouvoir m&rsquo;impliquer ?\u00a0<\/strong><br \/>\ud83d\udca7<em>\u00a0Est-ce qu&rsquo;il y a des actions auxquelles je ne souhaite pas participer ?\u00a0Je suis d&rsquo;accord pour\u00a0participer \u00e0 une action de collage de nuit si c&rsquo;est ponctuel. En revanche, je ne veux pas d\u00e9t\u00e9riorer.\u00a0<\/em><\/p>\n<p><strong>\ud83d\udccc En r\u00e9sum\u00e9 il s&rsquo;agit de respecter le principe du consentement\u00a0pour\u00a0les personnes qui s&rsquo;impliquent : rendre visible ce que la lutte implique, permettre \u00e0 chacun d&rsquo;exprimer ses limites.\u00a0Pour un m\u00eame objectif, plein\u00a0de moyens diff\u00e9rents peuvent \u00eatre envisag\u00e9s.\u00a0<\/strong><\/p>\n<figure><img data-opt-id=1737995260  fetchpriority=\"high\" decoding=\"async\" src=\"https:\/\/mluknvwbnyjc.i.optimole.com\/w:768\/h:499\/q:mauto\/f:best\/https:\/\/laserfouette.fr\/wp-content\/uploads\/2022\/08\/Radicalite%CC%81-1-1-768x499.jpeg\" alt=\"Et si on \u00e9largissait ce questionnement \u00e0 tout ce qui aide \u00e0 conduire un changement effectif ? C&#039;est la d\u00e9marche qu&#039;a fait le collectif &quot;Il est encore temps&quot; : partant de leur constat &quot;comment \u00e7a se fait qu&#039;on a si peu avanc\u00e9 sur la justice climatique ?&quot;. Il en ressort ce super document :  Le Guide pour plus d&#039;autonomie, de cr\u00e9ativit\u00e9, d&#039;efficacit\u00e9, et de Radicalit\u00e9 dans la lutte.\" \/><\/figure>\n<figure><img data-opt-id=1783877517  fetchpriority=\"high\" decoding=\"async\" src=\"https:\/\/mluknvwbnyjc.i.optimole.com\/w:768\/h:543\/q:mauto\/f:best\/https:\/\/laserfouette.fr\/wp-content\/uploads\/2022\/08\/Radicalite%CC%81-2-1-768x543.jpeg\" alt=\"Les 4 types de m\u00e9canismes ci-dessus, sont souvent \u00e0 l&#039;origine de mal\u00eatre dans les groupes. Voil\u00e0 6 qu&#039;il est possible de travailler collectivement pour avancer r\u00e9ellement\" \/><\/figure>\n<p>\t\t\t\t\t\t\t\t\t\t\t\tPr\u00e9c\u00e9dent<br \/>\n\t\t\t\t\t\t\t\t\t\t\t\tSuivant<\/p>\n<p><strong>Et si on\u00a0<\/strong><strong>\u00e9largissait<\/strong><strong>\u00a0ce questionnement \u00e0 tout ce qui aide \u00e0 conduire un changement effectif ? C&rsquo;est la d\u00e9marche qu&rsquo;a fait le collectif \u00ab\u00a0Il est encore temps\u00a0\u00bb : partant de leur constat \u00ab\u00a0comment \u00e7a se fait qu&rsquo;on a si peu avanc\u00e9 sur la justice climatique ?\u00a0\u00bb. Il en ressort ce super document :\u00a0<\/strong><strong>\u00a0Le\u00a0<\/strong><a href=\"https:\/\/mcusercontent.com\/e440e52a74d47fb19a913a01b\/files\/7b5a0bf0-9e06-9bff-07e6-ee5cd3448fe0\/petit_guide___partager_c_est_sympa.pdf\" target=\"_blank\" rel=\"noopener\">Guide pour plus d&rsquo;autonomie, de cr\u00e9ativit\u00e9, d&rsquo;efficacit\u00e9, et de Radicalit\u00e9 dans la lutte<\/a><strong>.\u00a0<\/strong><\/p>\n<p><strong>Les 4 types de m\u00e9canismes ci-dessus, sont souvent \u00e0 l&rsquo;origine de mal\u00eatre dans les groupes. Voil\u00e0 6 qu&rsquo;il est possible de travailler collectivement pour avancer r\u00e9ellement\u00a0<\/strong><\/p>\n\n\n<figure data-wp-context=\"{&quot;imageId&quot;:&quot;69f3afb9d80a9&quot;}\" data-wp-interactive=\"core\/image\" data-wp-key=\"69f3afb9d80a9\" class=\"wp-block-image size-large wp-lightbox-container\"><img data-opt-id=1778135123  data-opt-src=\"https:\/\/mluknvwbnyjc.i.optimole.com\/w:1024\/h:665\/q:mauto\/f:best\/https:\/\/laserfouette.fr\/wp-content\/uploads\/2022\/08\/Radicalite-1-1-scaled-1.jpeg\"  decoding=\"async\" width=\"1024\" height=\"665\" data-wp-class--hide=\"state.isContentHidden\" data-wp-class--show=\"state.isContentVisible\" data-wp-init=\"callbacks.setButtonStyles\" data-wp-on--click=\"actions.showLightbox\" data-wp-on--load=\"callbacks.setButtonStyles\" data-wp-on-window--resize=\"callbacks.setButtonStyles\" src=\"data:image/svg+xml,%3Csvg%20viewBox%3D%220%200%201024%20665%22%20width%3D%221024%22%20height%3D%22665%22%20xmlns%3D%22http%3A%2F%2Fwww.w3.org%2F2000%2Fsvg%22%3E%3Crect%20width%3D%221024%22%20height%3D%22665%22%20fill%3D%22transparent%22%2F%3E%3C%2Fsvg%3E\" alt=\"\" class=\"wp-image-948\" old-srcset=\"https:\/\/mluknvwbnyjc.i.optimole.com\/w:1024\/h:665\/q:mauto\/f:best\/https:\/\/laserfouette.fr\/wp-content\/uploads\/2022\/08\/Radicalite-1-1-scaled-1.jpeg 1024w, https:\/\/mluknvwbnyjc.i.optimole.com\/w:300\/h:195\/q:mauto\/f:best\/https:\/\/laserfouette.fr\/wp-content\/uploads\/2022\/08\/Radicalite-1-1-scaled-1.jpeg 300w, https:\/\/mluknvwbnyjc.i.optimole.com\/w:768\/h:499\/q:mauto\/f:best\/https:\/\/laserfouette.fr\/wp-content\/uploads\/2022\/08\/Radicalite-1-1-scaled-1.jpeg 768w, https:\/\/mluknvwbnyjc.i.optimole.com\/w:1536\/h:997\/q:mauto\/f:best\/https:\/\/laserfouette.fr\/wp-content\/uploads\/2022\/08\/Radicalite-1-1-scaled-1.jpeg 1536w, https:\/\/mluknvwbnyjc.i.optimole.com\/w:1920\/h:1246\/q:mauto\/f:best\/https:\/\/laserfouette.fr\/wp-content\/uploads\/2022\/08\/Radicalite-1-1-scaled-1.jpeg 2048w\" \/><button\n\t\t\tclass=\"lightbox-trigger\"\n\t\t\ttype=\"button\"\n\t\t\taria-haspopup=\"dialog\"\n\t\t\taria-label=\"Agrandir\"\n\t\t\tdata-wp-init=\"callbacks.initTriggerButton\"\n\t\t\tdata-wp-on--click=\"actions.showLightbox\"\n\t\t\tdata-wp-style--right=\"state.imageButtonRight\"\n\t\t\tdata-wp-style--top=\"state.imageButtonTop\"\n\t\t>\n\t\t\t<svg xmlns=\"http:\/\/www.w3.org\/2000\/svg\" width=\"12\" height=\"12\" fill=\"none\" viewBox=\"0 0 12 12\">\n\t\t\t\t<path fill=\"#fff\" d=\"M2 0a2 2 0 0 0-2 2v2h1.5V2a.5.5 0 0 1 .5-.5h2V0H2Zm2 10.5H2a.5.5 0 0 1-.5-.5V8H0v2a2 2 0 0 0 2 2h2v-1.5ZM8 12v-1.5h2a.5.5 0 0 0 .5-.5V8H12v2a2 2 0 0 1-2 2H8Zm2-12a2 2 0 0 1 2 2v2h-1.5V2a.5.5 0 0 0-.5-.5H8V0h2Z\" \/>\n\t\t\t<\/svg>\n\t\t<\/button><\/figure>\n\n\n\n<p>Les 4 types de m\u00e9canismes ci-dessus, sont souvent \u00e0 l&rsquo;origine de mal\u00eatre dans les groupes. Voil\u00e0 six \u00e9l\u00e9ments qu&rsquo;il est possible de travailler collectivement pour avancer r\u00e9ellement <\/p>\n\n\n\n<figure data-wp-context=\"{&quot;imageId&quot;:&quot;69f3afb9d8803&quot;}\" data-wp-interactive=\"core\/image\" data-wp-key=\"69f3afb9d8803\" class=\"wp-block-image size-large wp-lightbox-container\"><img data-opt-id=1037380103  data-opt-src=\"https:\/\/mluknvwbnyjc.i.optimole.com\/w:1024\/h:724\/q:mauto\/f:best\/https:\/\/laserfouette.fr\/wp-content\/uploads\/2022\/08\/Radicalite-2-1-scaled-1.jpeg\"  decoding=\"async\" width=\"1024\" height=\"724\" data-wp-class--hide=\"state.isContentHidden\" data-wp-class--show=\"state.isContentVisible\" data-wp-init=\"callbacks.setButtonStyles\" data-wp-on--click=\"actions.showLightbox\" data-wp-on--load=\"callbacks.setButtonStyles\" data-wp-on-window--resize=\"callbacks.setButtonStyles\" src=\"data:image/svg+xml,%3Csvg%20viewBox%3D%220%200%201024%20724%22%20width%3D%221024%22%20height%3D%22724%22%20xmlns%3D%22http%3A%2F%2Fwww.w3.org%2F2000%2Fsvg%22%3E%3Crect%20width%3D%221024%22%20height%3D%22724%22%20fill%3D%22transparent%22%2F%3E%3C%2Fsvg%3E\" alt=\"\" class=\"wp-image-949\" old-srcset=\"https:\/\/mluknvwbnyjc.i.optimole.com\/w:1024\/h:724\/q:mauto\/f:best\/https:\/\/laserfouette.fr\/wp-content\/uploads\/2022\/08\/Radicalite-2-1-scaled-1.jpeg 1024w, https:\/\/mluknvwbnyjc.i.optimole.com\/w:300\/h:212\/q:mauto\/f:best\/https:\/\/laserfouette.fr\/wp-content\/uploads\/2022\/08\/Radicalite-2-1-scaled-1.jpeg 300w, https:\/\/mluknvwbnyjc.i.optimole.com\/w:768\/h:543\/q:mauto\/f:best\/https:\/\/laserfouette.fr\/wp-content\/uploads\/2022\/08\/Radicalite-2-1-scaled-1.jpeg 768w, https:\/\/mluknvwbnyjc.i.optimole.com\/w:1536\/h:1087\/q:mauto\/f:best\/https:\/\/laserfouette.fr\/wp-content\/uploads\/2022\/08\/Radicalite-2-1-scaled-1.jpeg 1536w, https:\/\/mluknvwbnyjc.i.optimole.com\/w:1920\/h:1358\/q:mauto\/f:best\/https:\/\/laserfouette.fr\/wp-content\/uploads\/2022\/08\/Radicalite-2-1-scaled-1.jpeg 2048w\" \/><button\n\t\t\tclass=\"lightbox-trigger\"\n\t\t\ttype=\"button\"\n\t\t\taria-haspopup=\"dialog\"\n\t\t\taria-label=\"Agrandir\"\n\t\t\tdata-wp-init=\"callbacks.initTriggerButton\"\n\t\t\tdata-wp-on--click=\"actions.showLightbox\"\n\t\t\tdata-wp-style--right=\"state.imageButtonRight\"\n\t\t\tdata-wp-style--top=\"state.imageButtonTop\"\n\t\t>\n\t\t\t<svg xmlns=\"http:\/\/www.w3.org\/2000\/svg\" width=\"12\" height=\"12\" fill=\"none\" viewBox=\"0 0 12 12\">\n\t\t\t\t<path fill=\"#fff\" d=\"M2 0a2 2 0 0 0-2 2v2h1.5V2a.5.5 0 0 1 .5-.5h2V0H2Zm2 10.5H2a.5.5 0 0 1-.5-.5V8H0v2a2 2 0 0 0 2 2h2v-1.5ZM8 12v-1.5h2a.5.5 0 0 0 .5-.5V8H12v2a2 2 0 0 1-2 2H8Zm2-12a2 2 0 0 1 2 2v2h-1.5V2a.5.5 0 0 0-.5-.5H8V0h2Z\" \/>\n\t\t\t<\/svg>\n\t\t<\/button><\/figure>\n","protected":false},"excerpt":{"rendered":"<p>Depuis que je travaille la question des pouvoirs dans les groupes, la question de la radicalit\u00e9 m&rsquo;appara\u00eet comme centrale. Pour moi, ce sont m\u00eame deux questions, qui sont tr\u00e8s int\u00e9ressantes pour un groupe. \ud83c\udf0d\u00a0Qu&rsquo;est-ce que nous voulons voir comme changement (dans la soci\u00e9t\u00e9, autour de nous, ou \u00e0 l&rsquo;interne du groupe) ?\ud83c\udf08\u200b \u00c0 quoi sommes-nous [&hellip;]<\/p>\n","protected":false},"author":1,"featured_media":944,"comment_status":"open","ping_status":"open","sticky":false,"template":"","format":"standard","meta":{"footnotes":""},"categories":[1],"tags":[],"class_list":["post-943","post","type-post","status-publish","format-standard","has-post-thumbnail","hentry","category-non-classe"],"_links":{"self":[{"href":"https:\/\/laserfouette.fr\/index.php\/wp-json\/wp\/v2\/posts\/943","targetHints":{"allow":["GET"]}}],"collection":[{"href":"https:\/\/laserfouette.fr\/index.php\/wp-json\/wp\/v2\/posts"}],"about":[{"href":"https:\/\/laserfouette.fr\/index.php\/wp-json\/wp\/v2\/types\/post"}],"author":[{"embeddable":true,"href":"https:\/\/laserfouette.fr\/index.php\/wp-json\/wp\/v2\/users\/1"}],"replies":[{"embeddable":true,"href":"https:\/\/laserfouette.fr\/index.php\/wp-json\/wp\/v2\/comments?post=943"}],"version-history":[{"count":2,"href":"https:\/\/laserfouette.fr\/index.php\/wp-json\/wp\/v2\/posts\/943\/revisions"}],"predecessor-version":[{"id":1704,"href":"https:\/\/laserfouette.fr\/index.php\/wp-json\/wp\/v2\/posts\/943\/revisions\/1704"}],"wp:featuredmedia":[{"embeddable":true,"href":"https:\/\/laserfouette.fr\/index.php\/wp-json\/wp\/v2\/media\/944"}],"wp:attachment":[{"href":"https:\/\/laserfouette.fr\/index.php\/wp-json\/wp\/v2\/media?parent=943"}],"wp:term":[{"taxonomy":"category","embeddable":true,"href":"https:\/\/laserfouette.fr\/index.php\/wp-json\/wp\/v2\/categories?post=943"},{"taxonomy":"post_tag","embeddable":true,"href":"https:\/\/laserfouette.fr\/index.php\/wp-json\/wp\/v2\/tags?post=943"}],"curies":[{"name":"wp","href":"https:\/\/api.w.org\/{rel}","templated":true}]}}