{"id":913,"date":"2022-08-30T09:57:26","date_gmt":"2022-08-30T07:57:26","guid":{"rendered":"https:\/\/modulocoop.fr\/?p=913"},"modified":"2026-02-02T15:23:06","modified_gmt":"2026-02-02T14:23:06","slug":"pouvoir-dagir-collectif","status":"publish","type":"post","link":"https:\/\/laserfouette.fr\/index.php\/2022\/08\/30\/pouvoir-dagir-collectif\/","title":{"rendered":"Pouvoir d&rsquo;agir &#038; collectif"},"content":{"rendered":"<table border=\"0\" width=\"100%\" cellspacing=\"0\" cellpadding=\"0\" align=\"left\">\n<tbody>\n<tr>\n<td valign=\"top\">Pour effectuer un changement interne, ou faire une transition d&rsquo;une \u00e9quipe \u00e0 une autre, voici un angle d&rsquo;attaque qui me semble pertinent : celui du Pouvoir d&rsquo;agir !<\/p>\n<p>Mais de quoi il s&rsquo;agit au juste ?<\/td>\n<\/tr>\n<\/tbody>\n<\/table>\n<p><img data-opt-id=1190450518  fetchpriority=\"high\" decoding=\"async\" src=\"https:\/\/mluknvwbnyjc.i.optimole.com\/w:768\/h:493\/q:mauto\/f:best\/https:\/\/laserfouette.fr\/wp-content\/uploads\/2022\/08\/DPA-1-1.jpeg\" sizes=\"(max-width: 768px) 100vw, 768px\" srcset=\"https:\/\/modulocoop.fr\/wp-content\/uploads\/2022\/08\/DPA-1-1-768x493.jpeg 768w, https:\/\/modulocoop.fr\/wp-content\/uploads\/2022\/08\/DPA-1-1-300x193.jpeg 300w, https:\/\/modulocoop.fr\/wp-content\/uploads\/2022\/08\/DPA-1-1-1024x657.jpeg 1024w, https:\/\/modulocoop.fr\/wp-content\/uploads\/2022\/08\/DPA-1-1-1536x986.jpeg 1536w, https:\/\/modulocoop.fr\/wp-content\/uploads\/2022\/08\/DPA-1-1-2048x1314.jpeg 2048w, https:\/\/modulocoop.fr\/wp-content\/uploads\/2022\/08\/DPA-1-1-467x300.jpeg 467w\" alt=\"\" width=\"768\" height=\"493\" \/><\/p>\n<p>Si tu travailles dans le social, la solidarit\u00e9, tu a sans doute entendu parler du d\u00e9veloppement du pouvoir d&rsquo;agir (DPA). Une d\u00e9marche qui se concentre sur la dignit\u00e9 et les capacit\u00e9s des personnes accompagn\u00e9es.<\/p>\n<p>Pour comprendre de quoi on parle, dans les grandes lignes, je recommande\u00a0<strong><a href=\"https:\/\/www.revue-projet.com\/articles\/2018-04-le-bosse-le-pouvoir-dagir-a-la-rescousse\/8351\" target=\"_blank\" rel=\"noopener\">l&rsquo;article de Yann le Boss\u00e9 dans la revue Projet.<\/a><\/strong><\/p>\n<p>Voil\u00e0 comment je le r\u00e9sume visuellement :<\/p>\n<p>\ud83d\udc47<\/p>\n<figure><img data-opt-id=699634263  fetchpriority=\"high\" decoding=\"async\" src=\"https:\/\/mluknvwbnyjc.i.optimole.com\/w:768\/h:468\/q:mauto\/f:best\/https:\/\/laserfouette.fr\/wp-content\/uploads\/2022\/08\/DPA-2-1.jpeg\" alt=\"D\u00e9finir le probl\u00e8me\" \/><\/figure>\n<figure><img data-opt-id=34762383  data-opt-src=\"https:\/\/mluknvwbnyjc.i.optimole.com\/w:768\/h:492\/q:mauto\/f:best\/https:\/\/laserfouette.fr\/wp-content\/uploads\/2022\/08\/DPA-3.jpeg\"  decoding=\"async\" src=\"data:image/svg+xml,%3Csvg%20viewBox%3D%220%200%20768%20492%22%20width%3D%22768%22%20height%3D%22492%22%20xmlns%3D%22http%3A%2F%2Fwww.w3.org%2F2000%2Fsvg%22%3E%3Crect%20width%3D%22768%22%20height%3D%22492%22%20fill%3D%22transparent%22%2F%3E%3C%2Fsvg%3E\" alt=\"Identifier les acteur\u00b7ices &amp; leurs motivations\" \/><\/figure>\n<figure><img data-opt-id=1851547636  data-opt-src=\"https:\/\/mluknvwbnyjc.i.optimole.com\/w:768\/h:501\/q:mauto\/f:best\/https:\/\/laserfouette.fr\/wp-content\/uploads\/2022\/08\/DPA-4.jpeg\"  decoding=\"async\" src=\"data:image/svg+xml,%3Csvg%20viewBox%3D%220%200%20768%20501%22%20width%3D%22768%22%20height%3D%22501%22%20xmlns%3D%22http%3A%2F%2Fwww.w3.org%2F2000%2Fsvg%22%3E%3Crect%20width%3D%22768%22%20height%3D%22501%22%20fill%3D%22transparent%22%2F%3E%3C%2Fsvg%3E\" alt=\"D\u00e9finir les solutions envisageables\" \/><\/figure>\n<figure><img data-opt-id=881716338  data-opt-src=\"https:\/\/mluknvwbnyjc.i.optimole.com\/w:768\/h:501\/q:mauto\/f:best\/https:\/\/laserfouette.fr\/wp-content\/uploads\/2022\/08\/DPA-5.jpeg\"  decoding=\"async\" src=\"data:image/svg+xml,%3Csvg%20viewBox%3D%220%200%20768%20501%22%20width%3D%22768%22%20height%3D%22501%22%20xmlns%3D%22http%3A%2F%2Fwww.w3.org%2F2000%2Fsvg%22%3E%3Crect%20width%3D%22768%22%20height%3D%22501%22%20fill%3D%22transparent%22%2F%3E%3C%2Fsvg%3E\" alt=\"Impulser le changement\" \/><\/figure>\n<figure><img data-opt-id=1085577793  data-opt-src=\"https:\/\/mluknvwbnyjc.i.optimole.com\/w:768\/h:482\/q:mauto\/f:best\/https:\/\/laserfouette.fr\/wp-content\/uploads\/2022\/08\/DPA-6.jpeg\"  decoding=\"async\" src=\"data:image/svg+xml,%3Csvg%20viewBox%3D%220%200%20768%20482%22%20width%3D%22768%22%20height%3D%22482%22%20xmlns%3D%22http%3A%2F%2Fwww.w3.org%2F2000%2Fsvg%22%3E%3Crect%20width%3D%22768%22%20height%3D%22482%22%20fill%3D%22transparent%22%2F%3E%3C%2Fsvg%3E\" alt=\"Tirer des enseignements\" \/><\/figure>\n<p>Quand on parle de pouvoir d&rsquo;agir, c&rsquo;est souvent dans un contexte d&rsquo;accompagnement individuel, de personne \u00e0 personne.<br \/>\n<strong>Qu&rsquo;en est-il quand on parle de collectif ?<\/strong>\u00a0Comment peut-on y distiller du pouvoir d&rsquo;agir ?<\/p>\n<p>Voici quelque pistes pour d\u00e9marrer la r\u00e9flexion :<\/p>\n<ul>\n<li>\u00c0 quelles r\u00e9alit\u00e9s v\u00e9cues par ton collectif ces \u00e9tapes te font-elle penser ?<\/li>\n<li>Qu&rsquo;est-ce qui pourrait \u00e9voluer dans la fa\u00e7on de traiter des probl\u00e8me (d\u00e9finition, recherche de solutions, enseignements tir\u00e9s etc.) ?<\/li>\n<li>Que permettrait concr\u00e8tement un changement de pratiques vers le d\u00e9veloppement du pouvoir d&rsquo;agir ?<\/li>\n<\/ul>\n","protected":false},"excerpt":{"rendered":"<p>Pour effectuer un changement interne, ou faire une transition d&rsquo;une \u00e9quipe \u00e0 une autre, voici un angle d&rsquo;attaque qui me semble pertinent : celui du Pouvoir d&rsquo;agir ! Mais de quoi il s&rsquo;agit au juste ? Si tu travailles dans le social, la solidarit\u00e9, tu a sans doute entendu parler du d\u00e9veloppement du pouvoir d&rsquo;agir [&hellip;]<\/p>\n","protected":false},"author":1,"featured_media":914,"comment_status":"open","ping_status":"open","sticky":false,"template":"","format":"standard","meta":{"footnotes":""},"categories":[1],"tags":[],"class_list":["post-913","post","type-post","status-publish","format-standard","has-post-thumbnail","hentry","category-non-classe"],"_links":{"self":[{"href":"https:\/\/laserfouette.fr\/index.php\/wp-json\/wp\/v2\/posts\/913","targetHints":{"allow":["GET"]}}],"collection":[{"href":"https:\/\/laserfouette.fr\/index.php\/wp-json\/wp\/v2\/posts"}],"about":[{"href":"https:\/\/laserfouette.fr\/index.php\/wp-json\/wp\/v2\/types\/post"}],"author":[{"embeddable":true,"href":"https:\/\/laserfouette.fr\/index.php\/wp-json\/wp\/v2\/users\/1"}],"replies":[{"embeddable":true,"href":"https:\/\/laserfouette.fr\/index.php\/wp-json\/wp\/v2\/comments?post=913"}],"version-history":[{"count":2,"href":"https:\/\/laserfouette.fr\/index.php\/wp-json\/wp\/v2\/posts\/913\/revisions"}],"predecessor-version":[{"id":1706,"href":"https:\/\/laserfouette.fr\/index.php\/wp-json\/wp\/v2\/posts\/913\/revisions\/1706"}],"wp:featuredmedia":[{"embeddable":true,"href":"https:\/\/laserfouette.fr\/index.php\/wp-json\/wp\/v2\/media\/914"}],"wp:attachment":[{"href":"https:\/\/laserfouette.fr\/index.php\/wp-json\/wp\/v2\/media?parent=913"}],"wp:term":[{"taxonomy":"category","embeddable":true,"href":"https:\/\/laserfouette.fr\/index.php\/wp-json\/wp\/v2\/categories?post=913"},{"taxonomy":"post_tag","embeddable":true,"href":"https:\/\/laserfouette.fr\/index.php\/wp-json\/wp\/v2\/tags?post=913"}],"curies":[{"name":"wp","href":"https:\/\/api.w.org\/{rel}","templated":true}]}}