{"id":813,"date":"2022-05-16T11:30:32","date_gmt":"2022-05-16T09:30:32","guid":{"rendered":"https:\/\/modulocoop.fr\/?p=813"},"modified":"2026-02-02T15:30:53","modified_gmt":"2026-02-02T14:30:53","slug":"de-linclusion-a-la-lutte","status":"publish","type":"post","link":"https:\/\/laserfouette.fr\/index.php\/2022\/05\/16\/de-linclusion-a-la-lutte\/","title":{"rendered":"De l&rsquo;inclusion \u00e0 la lutte"},"content":{"rendered":"<table border=\"0\" width=\"100%\" cellspacing=\"0\" cellpadding=\"0\">\n<tbody>\n<tr>\n<td valign=\"top\">\n<table border=\"0\" width=\"100%\" cellspacing=\"0\" cellpadding=\"0\" align=\"left\">\n<tbody>\n<tr>\n<td valign=\"top\">L&rsquo;inclusion, selon un sch\u00e9ma que je vois r\u00e9guli\u00e8rement appara\u00eetre sur les r\u00e9seau sociaux, c&rsquo;est \u00e7a :<img data-opt-id=1798717231  fetchpriority=\"high\" decoding=\"async\" class=\"aligncenter\" src=\"https:\/\/mcusercontent.com\/e440e52a74d47fb19a913a01b\/images\/9bb2b320-efec-db60-598a-e8ad0d5d8eb1.jpeg\" width=\"433\" height=\"250\" data-file-id=\"5774453\" \/><br \/>Mais plus concr\u00e8tement ?\u00a0\n<p>Apr\u00e8s m&rsquo;\u00eatre document\u00e9e, et questionn\u00e9e voila ce que je retiens :\u00a0<br \/><strong>L&rsquo;inclusion, comme tout principe collectif, ne se d\u00e9cr\u00e8te pas\u00a0<\/strong><br \/>\u00a0Il n&rsquo;y a pas de bonnes recettes \u00e0 mettre en place qui feraient qu&rsquo;un groupe est inclusif, et du c\u00f4t\u00e9 du bien, ou exclusif (du c\u00f4t\u00e9 du mal). C&rsquo;est un travail de relation, de d\u00e9construction collective, mais aussi individuelle &#8230;<br \/>\ud83c\udf31\ud83d\udc69\ud83c\udffc\u200d\ud83c\udf3e\ud83d\udc68\ud83c\udffd\u200d\ud83d\udd27\ud83d\ude4d\ud83c\udffc\u200d\u2640\ufe0f\ud83e\uddd9\ud83c\udffc\u200d\u2642\ufe0f\ud83d\udc69\ud83c\udffc\u200d\ud83d\udd27\ud83c\udfe1<em>Prenons par exemple, une association de quartier qui g\u00e8re un jardin partag\u00e9. Elle a re\u00e7u un soutien financier de la Mairie, dans le projet il y avait marqu\u00e9 \u00ab\u00a0jardin inclusif\u00a0\u00bb ! Les acteurs\u00b7ices de l&rsquo;association sont sinc\u00e8res et unanimes : le jardin devrait permettre de b\u00e9n\u00e9ficier aux minorit\u00e9s qui souffrent d&rsquo;exclusion. En particulier les personnes \u00e0 mobilit\u00e9 r\u00e9duite qui ne peuvent pas disposer d&rsquo;un jardin \u00e0 elles.\u00a0<\/em><\/p>\n<p>\u00a0<strong>L&rsquo;inclusion de fa\u00e7ade<\/strong><\/p>\n<p>\ud83d\udee0\ufe0f\u267f<em>Des tas d&rsquo;efforts peuvent \u00eatre faits pour favoriser l&rsquo;inclusion\u00a0:\u00a0Installer une rampe \u00e0 la place des marches qui m\u00e8nent au jardin, acheter du mat\u00e9riel de jardinage sp\u00e9cialis\u00e9, pr\u00e9voir des temps d&rsquo;activit\u00e9s longs etc.<\/em><\/p>\n<p>Le risque avec la mise en place d&rsquo;outils inclusifs, est de rester dans le superficiel\u00a0et de n\u00e9gliger les aspects moins visibles et mesurables : \u00e9couter le point de vue des personnes que l&rsquo;on veut inclure (m\u00eame et surtout si il est critique !), les associer \u00e0 la gouvernance du projet &#8230; bref,\u00a0<strong>consid\u00e9rer que ce sont les mieux plac\u00e9es\u00a0 pour d\u00e9cider de ce qui leur donnera du pouvoir<\/strong>\u00a0!\u00a0<\/p>\n<p>Ne pas prendre en compte ces aspects, am\u00e8ne \u00e0\u00a0<strong>reproduire les m\u00e9canismes d&rsquo;exclusion d\u00e9j\u00e0 pr\u00e9sents dans la soci\u00e9t\u00e9.<\/strong>\u00a0Cela tout en d\u00e9responsabilisant la majorit\u00e9, car \u00ab\u00a0elle a fait ce qu&rsquo;il fallait\u00a0\u00bb.\u00a0\u00a0<br \/><strong>Une question de privil\u00e8ge ?\u00a0<\/strong><br \/>\u00a0Et si c&rsquo;\u00e9tait la porte d&rsquo;entr\u00e9e vers une vraie inclusion ?\u00a0 Une fois que l&rsquo;on a conscience de ses propres privil\u00e8ges, on peut prendre conscience des \u00ab\u00a0angles morts\u00a0\u00bb que l&rsquo;on a. Cela permet notamment d<strong>&lsquo;\u00eatre \u00e0 l&rsquo;\u00e9coute du v\u00e9cu des personnes qui n&rsquo;ont pas ces privil\u00e8ges.<\/strong><br \/>\u00a0\ud83d\udc78\ud83c\udffc\ud83e\udd38\ud83c\udffe<em>Dans le cas de notre association de quartier, quels \u00e9l\u00e9ments peuvent constituer un privil\u00e8ge ?<br \/>&#8211; d&rsquo;avoir de la l\u00e9gitimit\u00e9 aupr\u00e8s de la Mairie<br \/>&#8211; de pouvoir se d\u00e9placer sans assistance etc.\u00a0<\/em><\/p>\n<p>\u00a0<strong>De l&rsquo;inclusion \u00e0 la lutte<\/strong><\/p>\n<p><strong>L&rsquo;inclusion peut appara\u00eetre comme le pansement que l&rsquo;on met sur des in\u00e9galit\u00e9s et des injustices<\/strong>. C&rsquo;est utile, et important&#8230; mais pas compl\u00e8tement satisfaisant !\u00a0<br \/>Une fois qu&rsquo;on a cr\u00e9\u00e9 les conditions de l&rsquo;inclusion, que fait-on des injustices qui ont \u00e9t\u00e9 rendues visibles?<\/p>\n<p>Des tas de choses peuvent \u00eatre faites collectivement pour combattre les discriminations :\u00a0<\/p>\n<ul>\n<li>faire entendre la voix des personnes concern\u00e9es<\/li>\n<li>Soutenir pleinement les collectifs dont c&rsquo;est l&rsquo;objet<\/li>\n<li>D\u00e9noncer ces exclusions dans les espaces auxquels les minorit\u00e9s n&rsquo;ont pas acc\u00e8s etc.\u00a0<\/li>\n<\/ul>\n<p>&nbsp;<\/p>\n<\/td>\n<\/tr>\n<\/tbody>\n<\/table>\n<\/td>\n<\/tr>\n<\/tbody>\n<\/table>\n<table border=\"0\" width=\"100%\" cellspacing=\"0\" cellpadding=\"0\">\n<tbody>\n<tr>\n<td valign=\"top\">\n<table border=\"0\" cellspacing=\"0\" cellpadding=\"0\" align=\"left\">\n<tbody>\n<tr>\n<td align=\"center\" valign=\"top\">\u00a0<\/td>\n<\/tr>\n<tr>\n<td valign=\"top\" width=\"564\">\u00a0<\/td>\n<\/tr>\n<\/tbody>\n<\/table>\n<\/td>\n<\/tr>\n<\/tbody>\n<\/table>\n\n\n<figure data-wp-context=\"{&quot;imageId&quot;:&quot;69f3afba29e40&quot;}\" data-wp-interactive=\"core\/image\" data-wp-key=\"69f3afba29e40\" class=\"wp-block-image size-large wp-lightbox-container\"><img data-opt-id=395585251  fetchpriority=\"high\" decoding=\"async\" width=\"827\" height=\"1024\" data-wp-class--hide=\"state.isContentHidden\" data-wp-class--show=\"state.isContentVisible\" data-wp-init=\"callbacks.setButtonStyles\" data-wp-on--click=\"actions.showLightbox\" data-wp-on--load=\"callbacks.setButtonStyles\" data-wp-on-window--resize=\"callbacks.setButtonStyles\" src=\"https:\/\/mluknvwbnyjc.i.optimole.com\/w:827\/h:1024\/q:mauto\/f:best\/https:\/\/laserfouette.fr\/wp-content\/uploads\/2022\/04\/Inclusion-scaled-1.jpeg\" alt=\"\" class=\"wp-image-709\" srcset=\"https:\/\/mluknvwbnyjc.i.optimole.com\/w:827\/h:1024\/q:mauto\/f:best\/https:\/\/laserfouette.fr\/wp-content\/uploads\/2022\/04\/Inclusion-scaled-1.jpeg 827w, https:\/\/mluknvwbnyjc.i.optimole.com\/w:242\/h:300\/q:mauto\/f:best\/https:\/\/laserfouette.fr\/wp-content\/uploads\/2022\/04\/Inclusion-scaled-1.jpeg 242w, https:\/\/mluknvwbnyjc.i.optimole.com\/w:768\/h:951\/q:mauto\/f:best\/https:\/\/laserfouette.fr\/wp-content\/uploads\/2022\/04\/Inclusion-scaled-1.jpeg 768w, https:\/\/mluknvwbnyjc.i.optimole.com\/w:1241\/h:1536\/q:mauto\/f:best\/https:\/\/laserfouette.fr\/wp-content\/uploads\/2022\/04\/Inclusion-scaled-1.jpeg 1241w, https:\/\/mluknvwbnyjc.i.optimole.com\/w:1654\/h:2048\/q:mauto\/f:best\/https:\/\/laserfouette.fr\/wp-content\/uploads\/2022\/04\/Inclusion-scaled-1.jpeg 1654w\" sizes=\"(max-width: 827px) 100vw, 827px\" \/><button\n\t\t\tclass=\"lightbox-trigger\"\n\t\t\ttype=\"button\"\n\t\t\taria-haspopup=\"dialog\"\n\t\t\taria-label=\"Agrandir\"\n\t\t\tdata-wp-init=\"callbacks.initTriggerButton\"\n\t\t\tdata-wp-on--click=\"actions.showLightbox\"\n\t\t\tdata-wp-style--right=\"state.imageButtonRight\"\n\t\t\tdata-wp-style--top=\"state.imageButtonTop\"\n\t\t>\n\t\t\t<svg xmlns=\"http:\/\/www.w3.org\/2000\/svg\" width=\"12\" height=\"12\" fill=\"none\" viewBox=\"0 0 12 12\">\n\t\t\t\t<path fill=\"#fff\" d=\"M2 0a2 2 0 0 0-2 2v2h1.5V2a.5.5 0 0 1 .5-.5h2V0H2Zm2 10.5H2a.5.5 0 0 1-.5-.5V8H0v2a2 2 0 0 0 2 2h2v-1.5ZM8 12v-1.5h2a.5.5 0 0 0 .5-.5V8H12v2a2 2 0 0 1-2 2H8Zm2-12a2 2 0 0 1 2 2v2h-1.5V2a.5.5 0 0 0-.5-.5H8V0h2Z\" \/>\n\t\t\t<\/svg>\n\t\t<\/button><\/figure>\n","protected":false},"excerpt":{"rendered":"<p>L&rsquo;inclusion, selon un sch\u00e9ma que je vois r\u00e9guli\u00e8rement appara\u00eetre sur les r\u00e9seau sociaux, c&rsquo;est \u00e7a :Mais plus concr\u00e8tement ?\u00a0 Apr\u00e8s m&rsquo;\u00eatre document\u00e9e, et questionn\u00e9e voila ce que je retiens :\u00a0L&rsquo;inclusion, comme tout principe collectif, ne se d\u00e9cr\u00e8te pas\u00a0\u00a0Il n&rsquo;y a pas de bonnes recettes \u00e0 mettre en place qui feraient qu&rsquo;un groupe est inclusif, et [&hellip;]<\/p>\n","protected":false},"author":1,"featured_media":709,"comment_status":"open","ping_status":"open","sticky":false,"template":"","format":"standard","meta":{"footnotes":""},"categories":[1],"tags":[],"class_list":["post-813","post","type-post","status-publish","format-standard","has-post-thumbnail","hentry","category-non-classe"],"_links":{"self":[{"href":"https:\/\/laserfouette.fr\/index.php\/wp-json\/wp\/v2\/posts\/813","targetHints":{"allow":["GET"]}}],"collection":[{"href":"https:\/\/laserfouette.fr\/index.php\/wp-json\/wp\/v2\/posts"}],"about":[{"href":"https:\/\/laserfouette.fr\/index.php\/wp-json\/wp\/v2\/types\/post"}],"author":[{"embeddable":true,"href":"https:\/\/laserfouette.fr\/index.php\/wp-json\/wp\/v2\/users\/1"}],"replies":[{"embeddable":true,"href":"https:\/\/laserfouette.fr\/index.php\/wp-json\/wp\/v2\/comments?post=813"}],"version-history":[{"count":2,"href":"https:\/\/laserfouette.fr\/index.php\/wp-json\/wp\/v2\/posts\/813\/revisions"}],"predecessor-version":[{"id":1711,"href":"https:\/\/laserfouette.fr\/index.php\/wp-json\/wp\/v2\/posts\/813\/revisions\/1711"}],"wp:featuredmedia":[{"embeddable":true,"href":"https:\/\/laserfouette.fr\/index.php\/wp-json\/wp\/v2\/media\/709"}],"wp:attachment":[{"href":"https:\/\/laserfouette.fr\/index.php\/wp-json\/wp\/v2\/media?parent=813"}],"wp:term":[{"taxonomy":"category","embeddable":true,"href":"https:\/\/laserfouette.fr\/index.php\/wp-json\/wp\/v2\/categories?post=813"},{"taxonomy":"post_tag","embeddable":true,"href":"https:\/\/laserfouette.fr\/index.php\/wp-json\/wp\/v2\/tags?post=813"}],"curies":[{"name":"wp","href":"https:\/\/api.w.org\/{rel}","templated":true}]}}