{"id":792,"date":"2022-05-10T15:48:35","date_gmt":"2022-05-10T13:48:35","guid":{"rendered":"https:\/\/modulocoop.fr\/?p=792"},"modified":"2022-05-10T15:48:35","modified_gmt":"2022-05-10T13:48:35","slug":"faire-exister-les-conflits","status":"publish","type":"post","link":"https:\/\/laserfouette.fr\/index.php\/2022\/05\/10\/faire-exister-les-conflits\/","title":{"rendered":"Animer un espace de conflits"},"content":{"rendered":"<p>R\u00e9cemment, j&rsquo;ai beaucoup pens\u00e9 \u00e0 mon rapport au conflit, et ce que je veux en faire dans ma pratique d&rsquo;accompagnement. Comme c&rsquo;est tout frais, je partage \u00e7a avec toi :\u00a0<\/p>\n<p><strong>C\u00f4t\u00e9 perso\u00a0<\/strong>: le conflit me fait souvent peur. Je cherche \u00e0 me prot\u00e9ger quand quelqu&rsquo;un se mets en opposition directe. Parfois, je trouve la force de r\u00e9pondre, d&rsquo;exprimer mon d\u00e9saccord. Mais apr\u00e8s, je culpabilise : \u00ab\u00a0<em>Est-ce que je ne suis pas all\u00e9e\u00a0trop\u00a0loin ?\u00a0\u00bb<\/em>\u00a0Ou au\u00a0contraire\u00a0<em>\u00ab\u00a0Je n&rsquo;aurais pas d\u00fb finir par m&rsquo;\u00e9craser<\/em>\u00ab\u00a0.<\/p>\n<p><strong>C\u00f4t\u00e9 pro\u00a0<\/strong>: Du coup, j&rsquo;ai tendance \u00e0 favoriser la pr\u00e9vention, l&rsquo;\u00e9vitement du conflit aupr\u00e8s des groupes que j&rsquo;accompagne.\u00a0<\/p>\n<p>Suite \u00e0 cette formation, je commence \u00e0 voir les choses autrement :\u00a0<\/p>\n<p><strong>D\u00e8s qu&rsquo;il y a des collectifs, ils y a des int\u00e9r\u00eats, des intentions, des opinions divergentes, qui entrent en conflit.<\/strong>\u00a0Et heureusement ! Qui a envie d&rsquo;\u00e9voluer dans des collectifs o\u00f9 tout le monde est d&rsquo;accord, voit les choses de la m\u00eame fa\u00e7on ?<\/p>\n<p><strong>Les conflits sont L\u00c0 !\u00a0Ils sont juste trop rarement rendus visible.<\/strong>\u00a0Il n&rsquo;apparaissent que quand cela devient insupportable pour une ou plusieurs personnes. Et alors tout le collectif le subit, \u00e0 diff\u00e9rent degr\u00e9s.<\/p>\n<p>Cette proposition de \u00ab\u00a0l&rsquo;animer\u00a0\u00bb, au sens de \u00ab\u00a0lui donner vie\u00a0\u00bb permet de redonner du pouvoir \u00e0 chacune des personnes concern\u00e9es.\u00a0 \u00a0<\/p>\n<p>J&rsquo;ai envie de voir le conflit comme la pi\u00e8ce du puzzle trop souvent manquante dans la vie en collectif :\u00a0<strong>la coop\u00e9ration, la participation, l&rsquo;inclusion, ne sont possible que si on fait \u00e9merger les conflits qui traversent le groupe !<\/strong><\/p>\n<p>Voici des pistes sur ce qui, pour moi\u00a0me parait essentiel pour qu&rsquo;un conflit fasse avancer un collectif.\u00a0<\/p>\n<p>\ud83d\uddbc\ufe0f LE CADRE\u00a0\ud83d\uddbc\ufe0f\u00a0<\/p>\n<p>Toujours lui ! C&rsquo;est que, comme pour tout moment collectif, le conflit n\u00e9cessite <strong>un cadre appropri\u00e9<\/strong>, qui soit soutenant pour tous les acteur\u00b7ices du conflit.\u00a0<br \/>Le lieu, le moment, la dur\u00e9e doivent permettre aux personnes d&rsquo;\u00eatre <strong>disponibles et dispos\u00e9es \u00e0 s&rsquo;exprimer<\/strong>, \u00e0 prendre part aux \u00e9changes.<\/p>\n<p>Des r\u00e8gles de <strong>r\u00e9partition de la parole<\/strong>, de <strong>confidentialit\u00e9<\/strong>\u00a0peuvent \u00eatre mises en place pour servir ce moment.\u00a0<\/p>\n<p>Comme pour un match de boxe : Il faut un ring et des r\u00e8gles avant de se mettre sur la tronche !\u00a0\u00a0<\/p>\n<p>\ud83d\udee0\ufe0f LES OUTILS\u00a0\ud83d\udee0\ufe0f\u00a0<\/p>\n<p>En boxe, pour qu&rsquo;un combat se passe bien, il faut des gants, un arbitre, une \u00e9quipe de soigneurs etc.<br \/>Dans un collectif\u00a0qui vit\u00a0un conflit des outils peuvent aider. On peut <strong>se faire accompagner<\/strong>, <strong>se former&#8230;<\/strong><\/p>\n<p>Bien s\u00fbr il ne s&rsquo;agit jamais d&rsquo;un rem\u00e8de magique, mais plut\u00f4t de r\u00e9pondre \u00e0 un besoin du groupe dans un contexte donn\u00e9.\u00a0<br \/>Par exemple, si des personnes impliqu\u00e9es dans un conflit\u00a0ne peuvent plus se parler, il faudra peut-\u00eatre une personne ext\u00e9rieur pour assurer la m\u00e9diation. Dans un\u00a0autre groupe, ce\u00a0sera plus adapt\u00e9 d&rsquo;avoir une personne qui vient pour observer, et donne son ressenti \u00e0 la fin des \u00e9changes.\u00a0\u00a0<\/p>\n<p>\ud83e\udde0 LA COMPLEXIT\u00c9\u00a0\ud83e\udde0<\/p>\n<p>Il y a plein d&rsquo;<strong>angles <\/strong>sous\u00a0lesquels aller\u00a0regarder un conflit : un probl\u00e8me de valeurs, un malentendu, de structure, de pouvoir etc. Et c&rsquo;est souvent toujours un peu de tout \u00e7a ! L&rsquo;id\u00e9e est de <strong>ne pas r\u00e9duire le conflit \u00e0 un seul aspect.<\/strong> On peut\u00a0faire un focus sur un aspect \u00e0 un moment donn\u00e9 (par exemple : les sentiments de chacun), mais pour avancer, il s&rsquo;agit d&rsquo;aller regarder <strong>plusieurs\u00a0facettes<\/strong> d&rsquo;un m\u00eame probl\u00e8me (par exemple : la structure du groupe, les r\u00f4les etc.).\u00a0<\/p>\n<p>\ud83e\udde8 LES PI\u00c8GES\u00a0\ud83e\udde8\u00a0<\/p>\n<p>Les ennuis apparaissent quand\u00a0le conflit est r\u00e9duit \u00e0 un seul de ses aspects. Des m\u00e9canismes se mettent alors en place qui conduisent \u00e0 faire porter la responsabilit\u00e9 sur un seul \u00e9l\u00e9ment, interne ou externe au conflit.<br \/>Si on reprend la m\u00e9taphore de la boxe, lors d&rsquo;un match il peut y avoir des bless\u00e9s, mais l&rsquo;intention n&rsquo;est pas de\u00a0d\u00e9truire l&rsquo;adversaire\u00a0! Chacun des concurrents, et ceux qui les entourent (arbitres, coachs etc.)\u00a0sont responsables d&rsquo;\u00e9viter que \u00e7a ne d\u00e9g\u00e9n\u00e8re.\u00a0<\/p>\n<p>Dans <a href=\"https:\/\/www.lalibrairie.com\/livres\/micropolitiques-des-groupes--pour-une-ecologie-des-pratiques-collectives_0-5309892_9782354801786.html\"><em>Micropolitiques des groupes<\/em><\/a>,\u00a0David Vercauteren, d\u00e9crit 3 processus qui m\u00e8nent \u00e0 la scission :\u00a0\u00a0<\/p>\n<p>\u219d \u00ab\u00a0<strong>Psychologiser\u00a0\u00bb<\/strong> : C&rsquo;est pointer du doigt une personne comme naturellement dispos\u00e9e \u00e0 cr\u00e9er des probl\u00e8mes dans le groupe.\u00a0\u00a0<br \/><em>\u00ab\u00a0Il a toujours \u00e9t\u00e9 comme \u00e7a\u00a0\u00bb, \u00ab\u00a0Avec son caract\u00e8re, c&rsquo;\u00e9tait s\u00fbr depuis le d\u00e9but que \u00e7a n&rsquo;allait pas le faire dans l&rsquo;\u00e9quipe\u00a0\u00bb.<\/em>\u00a0C&rsquo;est une\u00a0fa\u00e7on pour le reste du groupe de ne pas l\u00e9gitimer la parole d&rsquo;une personne, et de rejeter toute responsabilit\u00e9 sur elle. \u00a0\u00a0<\/p>\n<p>\u219d <strong>Faire courir des rumeurs moralisatrices<\/strong> : Quand les on-dit, les interpr\u00e9tations, et les jugements de valeurs s&rsquo;occupent d&rsquo;attiser le conflit.<em>\u00a0 \u00ab\u00a0iI\u00a0parait que c&rsquo;est pas la premi\u00e8re fois qu&rsquo;elle\u00a0se comporte\u00a0comme \u00e7a dans un groupe\u00a0\u00bb, <\/em>\u00a0<em>\u00ab\u00a0Tu te rends compte de ce qu&rsquo;ils ont fait, tu ne trouves pas \u00e7a inadmissible ?\u00a0\u00bb.\u00a0<\/em><br \/>Cela conduit\u00a0\u00e0 cr\u00e9er implicitement deux camps : celui du bien et celui du mal ; et ainsi \u00e0 nier la complexit\u00e9 d&rsquo;un probl\u00e8me.\u00a0<\/p>\n<p>\u219d \u00ab\u00a0<strong>Id\u00e9ologiser\u00a0\u00bb\u00a0<\/strong>: Consid\u00e9rer que le groupe d\u00e9tient la v\u00e9rit\u00e9 pure. Et que celle\u00b7eux\u00a0qui le\u00a0remettent en question trahissent cette v\u00e9rit\u00e9. \u00a0\u00a0<em>\u00ab\u00a0Ils sont partis uniquement car nous sommes en d\u00e9saccord sur le fond\u00a0\u00bb<\/em>, \u00ab\u00a0<em>Gandhi lui-m\u00eame avait la m\u00eame philosophie que nous, on va pas se mettre \u00e0 changer maintenant !\u00a0\u00bb<\/em>.\u00a0C&rsquo;est passer \u00e0 c\u00f4t\u00e9 de la complexit\u00e9 et d&rsquo;une\u00a0remise en question pour favoriser le statu\u00a0quo.<\/p>\n<p>\ud83d\udc49 <strong>ET APR\u00c8S ?\u00a0<\/strong>\u00a0<\/p>\n<p>Bien s\u00fbr, une fois qu&rsquo;on a dit tout cela, il ne s&rsquo;agit pas de se confronter pour ensuite mettre les probl\u00e8mes sous le tapis ! Animer un conflit c&rsquo;est aussi\u00a0 r\u00e9ussir \u00e0 <strong>envisager la suite <\/strong>: prendre des <strong>d\u00e9cisions<\/strong> (individuelles et collectives), pr\u00e9voir des adaptations, des ajustements. Le conflit peut alors permettre de cr\u00e9er un pr\u00e9c\u00e9dent et permettre aux personne et groupe de grandir.\u00a0\u00a0<\/p>\n<p><img data-opt-id=592446905  fetchpriority=\"high\" decoding=\"async\" src=\"https:\/\/mluknvwbnyjc.i.optimole.com\/w:1024\/h:728\/q:mauto\/f:best\/https:\/\/laserfouette.fr\/wp-content\/uploads\/2022\/04\/Espace-de-conflit-1024x728.jpeg\" sizes=\"(max-width: 1024px) 100vw, 1024px\" srcset=\"https:\/\/modulocoop.fr\/wp-content\/uploads\/2022\/04\/Espace-de-conflit-1024x728.jpeg 1024w, https:\/\/modulocoop.fr\/wp-content\/uploads\/2022\/04\/Espace-de-conflit-300x213.jpeg 300w, https:\/\/modulocoop.fr\/wp-content\/uploads\/2022\/04\/Espace-de-conflit-768x546.jpeg 768w, https:\/\/modulocoop.fr\/wp-content\/uploads\/2022\/04\/Espace-de-conflit-1536x1091.jpeg 1536w, https:\/\/modulocoop.fr\/wp-content\/uploads\/2022\/04\/Espace-de-conflit-2048x1455.jpeg 2048w, https:\/\/modulocoop.fr\/wp-content\/uploads\/2022\/04\/Espace-de-conflit-422x300.jpeg 422w\" alt=\"\" width=\"1024\" height=\"728\" \/><\/p>\n<p>Voici quelques pistes \u00e0 consid\u00e9rer pour animer un espace de conflits dans de bonnes conditions\u00a0\u00a0<\/p>\n\n\n<p><\/p>\n","protected":false},"excerpt":{"rendered":"<p>R\u00e9cemment, j&rsquo;ai beaucoup pens\u00e9 \u00e0 mon rapport au conflit, et ce que je veux en faire dans ma pratique d&rsquo;accompagnement. Comme c&rsquo;est tout frais, je partage \u00e7a avec toi :\u00a0 C\u00f4t\u00e9 perso\u00a0: le conflit me fait souvent peur. Je cherche \u00e0 me prot\u00e9ger quand quelqu&rsquo;un se mets en opposition directe. Parfois, je trouve la force [&hellip;]<\/p>\n","protected":false},"author":1,"featured_media":708,"comment_status":"open","ping_status":"open","sticky":false,"template":"","format":"standard","meta":{"footnotes":""},"categories":[1],"tags":[],"class_list":["post-792","post","type-post","status-publish","format-standard","has-post-thumbnail","hentry","category-non-classe"],"_links":{"self":[{"href":"https:\/\/laserfouette.fr\/index.php\/wp-json\/wp\/v2\/posts\/792","targetHints":{"allow":["GET"]}}],"collection":[{"href":"https:\/\/laserfouette.fr\/index.php\/wp-json\/wp\/v2\/posts"}],"about":[{"href":"https:\/\/laserfouette.fr\/index.php\/wp-json\/wp\/v2\/types\/post"}],"author":[{"embeddable":true,"href":"https:\/\/laserfouette.fr\/index.php\/wp-json\/wp\/v2\/users\/1"}],"replies":[{"embeddable":true,"href":"https:\/\/laserfouette.fr\/index.php\/wp-json\/wp\/v2\/comments?post=792"}],"version-history":[{"count":0,"href":"https:\/\/laserfouette.fr\/index.php\/wp-json\/wp\/v2\/posts\/792\/revisions"}],"wp:featuredmedia":[{"embeddable":true,"href":"https:\/\/laserfouette.fr\/index.php\/wp-json\/wp\/v2\/media\/708"}],"wp:attachment":[{"href":"https:\/\/laserfouette.fr\/index.php\/wp-json\/wp\/v2\/media?parent=792"}],"wp:term":[{"taxonomy":"category","embeddable":true,"href":"https:\/\/laserfouette.fr\/index.php\/wp-json\/wp\/v2\/categories?post=792"},{"taxonomy":"post_tag","embeddable":true,"href":"https:\/\/laserfouette.fr\/index.php\/wp-json\/wp\/v2\/tags?post=792"}],"curies":[{"name":"wp","href":"https:\/\/api.w.org\/{rel}","templated":true}]}}