{"id":768,"date":"2022-05-10T15:14:31","date_gmt":"2022-05-10T13:14:31","guid":{"rendered":"https:\/\/modulocoop.fr\/?p=768"},"modified":"2022-05-10T15:14:31","modified_gmt":"2022-05-10T13:14:31","slug":"du-projet-au-rejet","status":"publish","type":"post","link":"https:\/\/laserfouette.fr\/index.php\/2022\/05\/10\/du-projet-au-rejet\/","title":{"rendered":"Du projet au rejet"},"content":{"rendered":"<p>Si tu travailles en collectif, si tu es engag\u00e9\u00b7e dans une association, j&rsquo;imagine que le mot \u00ab\u00a0projet\u00a0\u00bb fait partie de ton quotidien.\u00a0<br \/>Tu as peut-\u00eatre m\u00eame sur le feu une demande de subv&rsquo; pour un projet, une r\u00e9ponse \u00e0 un appel \u00e0 projet etc.\u00a0<\/p>\n<p>Et c&rsquo;est de ce petit mot fourre-tout et omnipr\u00e9sent dont je souhaite te parler aujourd&rsquo;hui, et plus pr\u00e9cis\u00e9ment : du lien projet et collectif.\u00a0<\/p>\n<p><em>Avant-propos : mon parcours est un pur produit de la m\u00e9thodologie de projet !<br \/>En tant que b\u00e9n\u00e9vole, stagiaire ou salari\u00e9e dans l&rsquo;associatif, j&rsquo;ai \u00e9cum\u00e9 toute la jungle de la gestion de projet : projet p\u00e9dagogique, projet d&rsquo;animation, fiche projet, projet de formation,\u00a0projet de d\u00e9veloppement local, projet associatif, projet d&rsquo;\u00e9quipe&#8230; Et j&rsquo;en oublie !\u00a0<\/em><\/p>\n<p>Maintenant que je suis ind\u00e9pendante, je sors la t\u00eate de tout \u00e7a. Le projet n&rsquo;est plus pos\u00e9 comme une \u00e9vidence dans mon travail. Je peux le questionner avec un regard critique comme n&rsquo;importe quel outil.<\/p>\n<p>Bilan : voil\u00e0 ce que m&rsquo;apporte concr\u00e8tement, le fait de poser des objectifs, indicateurs, moyens, \u00e9valuation etc.\u00a0<\/p>\n<ul>\n<li>\u00c7a fait\u00a0<strong>s\u00e9rieux<\/strong>, professionnel\u00a0<\/li>\n<li>\u00c7a me permet\u00a0<strong>d&rsquo;ordonner<\/strong>\u00a0ma pens\u00e9e, de passer d&rsquo;une id\u00e9e \u00e0 l&rsquo;action<\/li>\n<li>\u00c7a m&rsquo;aide \u00e0\u00a0<strong>anticiper,\u00a0<\/strong>\u00e0 avoir une vision \u00e0\u00a0<strong>long terme<\/strong><\/li>\n<\/ul>\n<p>Mais je vois aussi\u00a0et surtout,\u00a0<strong>ce que \u00e7a EMP\u00caCHE !<\/strong><br \/>Quand un projet est li\u00e9 \u00e0 une action collective, cette m\u00e9thodo\u00a0peut vraiment venir\u00a0<strong>freiner l&rsquo;envie, l&rsquo;adaptation et l&rsquo;inclusion !<\/strong><\/p>\n<p><strong>L&rsquo;envie : <\/strong>si il peut y avoir beaucoup d&rsquo;envie au d\u00e9marrage d&rsquo;un projet, une fois qu&rsquo;on\u00a0l&rsquo;a\u00a0fait \u00ab\u00a0rentrer\u00a0\u00bb non sans mal dans un tableur avec \u00ab\u00a0objectifs op\u00e9rationnels\u00a0\u00bb, \u00ab\u00a0indicateurs de r\u00e9ussite\u00a0\u00bb&#8230; il fait moins r\u00eaver !<br \/><strong>L&rsquo;adaptation<\/strong>\u00a0: apr\u00e8s avoir su\u00e9 \u00e0 monter un projet, c&rsquo;est compliqu\u00e9 de revenir dessus d&rsquo;y int\u00e9grer des impr\u00e9vus, des nouveaux \u00e9l\u00e9ments. Il est comme fig\u00e9 et ses acteurs\u00b7ices avec !\u00a0<\/p>\n<p><strong>L&rsquo;inclusion : <\/strong>notamment celle de personnes qui ne maitrisent pas les codes, le vocabulaire de la gestion de projet. Et quand ces personnes sont les premi\u00e8res actrices de l&rsquo;action, c&rsquo;est bien dommage !\u00a0<\/p>\n<p>Puisque le projet est PARTOUT, dans tous nos collectifs, autant s&rsquo;interroger dessus, ne pas le poser comme une \u00e9vidence :\u00a0<\/p>\n<p>Avant une action collective<\/p>\n<ul>\n<li>Quelles sont nos intentions ?<\/li>\n<li>De quel cadre avons-nous besoin ?\u00a0<\/li>\n<li>Est-ce que la m\u00e9thodologie de projet peut y r\u00e9pondre\u00a0? Quelles autres approches pouvons nous exp\u00e9rimenter ?\u00a0<\/li>\n<li>Sur quel(s) point(s) avons-nous besoins d\u2019objectifs claires, d&rsquo;indicateurs\u00a0\u00a0?\u00a0<\/li>\n<\/ul>\n<p>Si nous devons r\u00e9diger un projet\u00a0<\/p>\n<ul>\n<li>\u00c0 quel(s) besoin(s) r\u00e9pond-il\u00a0? Est-ce qu&rsquo;il s&rsquo;agit de nous s\u00e9curiser, de clarifier les choses ? Ou bien d&rsquo;avoir acc\u00e8s \u00e0 un financement ?\u00a0<\/li>\n<li>\u00c0 quel moment est-il opportun de le faire\u00a0?<\/li>\n<li>Quels \u00e9l\u00e9ments font sens pour tous les acteur\u00b7ices ? Et qu\u2019est-ce qui est de l\u2019ordre des \u00e9l\u00e9ments de langage\/langue destin\u00e9 aux bailleurs\u00a0?<\/li>\n<\/ul>\n<p>Envie d&rsquo;exp\u00e9rimenter des alternative \u00e0 l&rsquo;animation par projet ? Voici quelques pistes :<br \/>\n\t\t\t\t\t\t\t\t\t\t\t\t\t\t\t<img data-opt-id=1152171979  fetchpriority=\"high\" decoding=\"async\" width=\"1024\" height=\"732\" src=\"https:\/\/mluknvwbnyjc.i.optimole.com\/w:1024\/h:732\/q:mauto\/f:best\/https:\/\/laserfouette.fr\/wp-content\/uploads\/2022\/02\/Projet-se-de%CC%81tacher-1024x732.jpeg\" alt=\"Se d\u00e9tacher du projet\" loading=\"lazy\" srcset=\"https:\/\/modulocoop.fr\/wp-content\/uploads\/2022\/02\/Projet-se-de\u0301tacher-1024x732.jpeg 1024w, https:\/\/modulocoop.fr\/wp-content\/uploads\/2022\/02\/Projet-se-de\u0301tacher-300x214.jpeg 300w, https:\/\/modulocoop.fr\/wp-content\/uploads\/2022\/02\/Projet-se-de\u0301tacher-768x549.jpeg 768w, https:\/\/modulocoop.fr\/wp-content\/uploads\/2022\/02\/Projet-se-de\u0301tacher-1536x1098.jpeg 1536w, https:\/\/modulocoop.fr\/wp-content\/uploads\/2022\/02\/Projet-se-de\u0301tacher-2048x1464.jpeg 2048w, https:\/\/modulocoop.fr\/wp-content\/uploads\/2022\/02\/Projet-se-de\u0301tacher-420x300.jpeg 420w\" sizes=\"auto, (max-width: 1024px) 100vw, 1024px\" \/>\t\t\t\t\t\t\t\t\t\t\t\t\t\t\t<\/p>\n<p>Et pour aller plus loin dans la r\u00e9flexion, va jeter un oeil au cahier du projet par<a href=\"https:\/\/www.editionsducommun.org\/products\/cahier-du-pave-n-1-le-projet\"> ici.\u00a0<\/a><\/p>\n","protected":false},"excerpt":{"rendered":"<p>Si tu travailles en collectif, si tu es engag\u00e9\u00b7e dans une association, j&rsquo;imagine que le mot \u00ab\u00a0projet\u00a0\u00bb fait partie de ton quotidien.\u00a0Tu as peut-\u00eatre m\u00eame sur le feu une demande de subv&rsquo; pour un projet, une r\u00e9ponse \u00e0 un appel \u00e0 projet etc.\u00a0 Et c&rsquo;est de ce petit mot fourre-tout et omnipr\u00e9sent dont je souhaite [&hellip;]<\/p>\n","protected":false},"author":1,"featured_media":666,"comment_status":"open","ping_status":"open","sticky":false,"template":"","format":"standard","meta":{"footnotes":""},"categories":[1],"tags":[],"class_list":["post-768","post","type-post","status-publish","format-standard","has-post-thumbnail","hentry","category-non-classe"],"_links":{"self":[{"href":"https:\/\/laserfouette.fr\/index.php\/wp-json\/wp\/v2\/posts\/768","targetHints":{"allow":["GET"]}}],"collection":[{"href":"https:\/\/laserfouette.fr\/index.php\/wp-json\/wp\/v2\/posts"}],"about":[{"href":"https:\/\/laserfouette.fr\/index.php\/wp-json\/wp\/v2\/types\/post"}],"author":[{"embeddable":true,"href":"https:\/\/laserfouette.fr\/index.php\/wp-json\/wp\/v2\/users\/1"}],"replies":[{"embeddable":true,"href":"https:\/\/laserfouette.fr\/index.php\/wp-json\/wp\/v2\/comments?post=768"}],"version-history":[{"count":0,"href":"https:\/\/laserfouette.fr\/index.php\/wp-json\/wp\/v2\/posts\/768\/revisions"}],"wp:featuredmedia":[{"embeddable":true,"href":"https:\/\/laserfouette.fr\/index.php\/wp-json\/wp\/v2\/media\/666"}],"wp:attachment":[{"href":"https:\/\/laserfouette.fr\/index.php\/wp-json\/wp\/v2\/media?parent=768"}],"wp:term":[{"taxonomy":"category","embeddable":true,"href":"https:\/\/laserfouette.fr\/index.php\/wp-json\/wp\/v2\/categories?post=768"},{"taxonomy":"post_tag","embeddable":true,"href":"https:\/\/laserfouette.fr\/index.php\/wp-json\/wp\/v2\/tags?post=768"}],"curies":[{"name":"wp","href":"https:\/\/api.w.org\/{rel}","templated":true}]}}