{"id":737,"date":"2022-05-10T12:03:49","date_gmt":"2022-05-10T10:03:49","guid":{"rendered":"https:\/\/modulocoop.fr\/?p=737"},"modified":"2026-02-02T15:52:43","modified_gmt":"2026-02-02T14:52:43","slug":"la-participation-en-question","status":"publish","type":"post","link":"https:\/\/laserfouette.fr\/index.php\/2022\/05\/10\/la-participation-en-question\/","title":{"rendered":"La participation en question"},"content":{"rendered":"<\/p>\n<p>Apr\u00e8s avoir abord\u00e9 la question de la coop\u00e9ration&nbsp;il y a deux semaine, mettons les pieds dans le plat (-maison-v\u00e9g\u00e9) de LA&nbsp;PARTICIPATION !<\/p>\n<\/p>\n<p>Territoire, bilan, chantier, budget, r\u00e9union \u2026 si on ajoute le mot&nbsp;<strong>\u00ab&nbsp;participatif\/participative&nbsp;\u00bb&nbsp;<\/strong>apr\u00e8s, \u00e7a fait mieux !<\/p>\n<\/p>\n<p>La participation est au coeur de ce que je d\u00e9veloppe dans mon travail. J\u2019y crois \u00e0 fond.<br \/>Je crois que sur beaucoup de questions \u2013&nbsp;environnement, gouvernance, \u00e9ducation etc.&nbsp;\u2013&nbsp;la participation des personnes concern\u00e9es est essentielle.<a>&nbsp;<\/a><strong>Elle est une cl\u00e9&nbsp;de compr\u00e9hension des dynamiques de groupe, et un levier pour les faire avancer.<\/strong><\/p>\n<\/p>\n<p>Et pourtant parfois, j\u2019en viens \u00e0 saturation de la participation partout et tout le temps.<br \/>J\u2019ai d\u00e9velopp\u00e9 une sorte&nbsp;de m\u00e9fiance d\u00e8s que j\u2019entends parler d\u2019une \u00ab&nbsp;d\u00e9marche participative&nbsp;\u00bb\u2026 Ou que je vois \u00ab&nbsp;participation&nbsp;\u00bb \u00e9crit en lettres d\u2019or dans un projet associatif.<\/p>\n<\/p>\n<p>Peut-\u00eatre parce que souvent, cela sonne comme une injonction.<br \/>Une injonction qui peut venir&nbsp;de l\u2019ext\u00e9rieur \u2013&nbsp;souvent d\u2019en haut d\u2019ailleurs :&nbsp;<em>\u00ab&nbsp;venez participer&nbsp;\u00e0 un futur durable pour votre ville. \u00ab&nbsp;<\/em><br \/>Ou bien m\u00eame de moi-m\u00eame :&nbsp;<em>\u00ab&nbsp;Maintenant que je suis venue \u00e0 cette r\u00e9union, il faut bien que je trouve une question ou dise mon point de vue pour bien jouer le jeu de la participation !&nbsp;\u00bb<\/em><\/p>\n<\/p>\n<p>Jusqu\u2019\u00e0 ce que je r\u00e9alise qu\u2019il y a plein de<strong>&nbsp;bonnes raisons de ne PAS&nbsp;participer.<\/strong><\/p>\n<\/p>\n<p><a><\/a>&nbsp;Je t\u2019invite \u00e0 prendre 2 minutes pour te&nbsp;poser la&nbsp;question suivante :&nbsp;\u00ab&nbsp;<strong>C\u2019est quoi tes&nbsp;raisons pour ne pas participe<\/strong>r (ie : rester silencieux\u00b7se, ne pas aller \u00e0 une r\u00e9union de concertation etc.) ?&nbsp;\u00bb<\/p>\n<\/p>\n<p>Voici les miennes: <\/p>\n<\/p>\n<ul>\n<li>Je ne me sens pas l\u00e9gitime<\/li>\n<li>Je ne sens pas de connexion avec le groupe<\/li>\n<li>Je fais&nbsp;confiance au reste du groupe pour mener \u00e0 bien&nbsp;l\u2019action<\/li>\n<li>Je pr\u00e9f\u00e8re rester chez moi, j\u2019ai un projet couture qui m\u2019occupe tout mon esprit<\/li>\n<\/ul>\n<p><a>&nbsp;<\/a>En n\u00e9gatif, \u00e7a te donne des infos pr\u00e9cieuse sur&nbsp;<strong>tes besoins&nbsp;<\/strong>quand il s\u2019agit de t\u2019impliquer dans un groupe.<\/p>\n<\/p>\n<p>Voici les miens :<\/p>\n<\/p>\n<ul>\n<li>Besoin d\u2019\u00eatre s\u00e9curis\u00e9e sur le fait que j\u2019ai quelque chose \u00e0 apporter<\/li>\n<li>Besoin de temps et du bon espace pour cr\u00e9er du lien avec les autres personnes<\/li>\n<li>Besoin de libert\u00e9, de d\u00e9cider moi-m\u00eame de&nbsp;participation ou non<\/li>\n<\/ul>\n<p>Ce questionnement peut servir de&nbsp;d\u00e9marrage pour les collectifs qui veulent&nbsp;&nbsp;\u00ab&nbsp;faire participer&nbsp;\u00bb. \u00c7a permet, de clarifier BESOINS &amp;&nbsp;INTENTIONS. Et de ne pas tomber dans&nbsp;<strong>l\u2019injonction<\/strong>.<\/p>\n<\/p>\n<p>Ensuite, je vous encourage \u00e0 penser le chemin \u00e0 emprunter dans la dur\u00e9e.<br \/>Pour cela, voici un petit pense-b\u00eate : <\/p>\n<\/p>\n<p>\t\t\t\t\t\t\t\t\t\t\t\t\t\t\t<img data-opt-id=719200732  fetchpriority=\"high\" decoding=\"async\" width=\"768\" height=\"530\" src=\"https:\/\/mluknvwbnyjc.i.optimole.com\/w:768\/h:530\/q:mauto\/f:best\/https:\/\/laserfouette.fr\/wp-content\/uploads\/2022\/05\/Participation-refait-2-768x530.jpeg\" alt=\"\" loading=\"lazy\" srcset=\"https:\/\/modulocoop.fr\/wp-content\/uploads\/2022\/05\/Participation-refait-2-768x530.jpeg 768w, https:\/\/modulocoop.fr\/wp-content\/uploads\/2022\/05\/Participation-refait-2-300x207.jpeg 300w, https:\/\/modulocoop.fr\/wp-content\/uploads\/2022\/05\/Participation-refait-2-1024x706.jpeg 1024w, https:\/\/modulocoop.fr\/wp-content\/uploads\/2022\/05\/Participation-refait-2-1536x1060.jpeg 1536w, https:\/\/modulocoop.fr\/wp-content\/uploads\/2022\/05\/Participation-refait-2-2048x1413.jpeg 2048w, https:\/\/modulocoop.fr\/wp-content\/uploads\/2022\/05\/Participation-refait-2-435x300.jpeg 435w\" sizes=\"auto, (max-width: 768px) 100vw, 768px\">\t\t\t\t\t\t\t\t\t\t\t\t\t\t\t<\/p>\n<p>Visuel inspir\u00e9 du cahier du Pav\u00e9 \u00ab\u00a0la Participation\u00a0\u00bb, t\u00e9l\u00e9chargeable <a href=\"https:\/\/www.editionsducommun.org\/collections\/all\/products\/cahier-du-pave-n-2-la-participation\">ici<\/a><\/p>\n","protected":false},"excerpt":{"rendered":"<p>Apr\u00e8s avoir abord\u00e9 la question de la coop\u00e9ration&nbsp;il y a deux semaine, mettons les pieds dans le plat (-maison-v\u00e9g\u00e9) de LA&nbsp;PARTICIPATION ! Territoire, bilan, chantier, budget, r\u00e9union \u2026 si on ajoute le mot&nbsp;\u00ab&nbsp;participatif\/participative&nbsp;\u00bb&nbsp;apr\u00e8s, \u00e7a fait mieux ! La participation est au coeur de ce que je d\u00e9veloppe dans mon travail. J\u2019y crois \u00e0 fond.Je crois [&hellip;]<\/p>\n","protected":false},"author":1,"featured_media":741,"comment_status":"open","ping_status":"open","sticky":false,"template":"","format":"standard","meta":{"footnotes":""},"categories":[1],"tags":[],"class_list":["post-737","post","type-post","status-publish","format-standard","has-post-thumbnail","hentry","category-non-classe"],"_links":{"self":[{"href":"https:\/\/laserfouette.fr\/index.php\/wp-json\/wp\/v2\/posts\/737","targetHints":{"allow":["GET"]}}],"collection":[{"href":"https:\/\/laserfouette.fr\/index.php\/wp-json\/wp\/v2\/posts"}],"about":[{"href":"https:\/\/laserfouette.fr\/index.php\/wp-json\/wp\/v2\/types\/post"}],"author":[{"embeddable":true,"href":"https:\/\/laserfouette.fr\/index.php\/wp-json\/wp\/v2\/users\/1"}],"replies":[{"embeddable":true,"href":"https:\/\/laserfouette.fr\/index.php\/wp-json\/wp\/v2\/comments?post=737"}],"version-history":[{"count":2,"href":"https:\/\/laserfouette.fr\/index.php\/wp-json\/wp\/v2\/posts\/737\/revisions"}],"predecessor-version":[{"id":1720,"href":"https:\/\/laserfouette.fr\/index.php\/wp-json\/wp\/v2\/posts\/737\/revisions\/1720"}],"wp:featuredmedia":[{"embeddable":true,"href":"https:\/\/laserfouette.fr\/index.php\/wp-json\/wp\/v2\/media\/741"}],"wp:attachment":[{"href":"https:\/\/laserfouette.fr\/index.php\/wp-json\/wp\/v2\/media?parent=737"}],"wp:term":[{"taxonomy":"category","embeddable":true,"href":"https:\/\/laserfouette.fr\/index.php\/wp-json\/wp\/v2\/categories?post=737"},{"taxonomy":"post_tag","embeddable":true,"href":"https:\/\/laserfouette.fr\/index.php\/wp-json\/wp\/v2\/tags?post=737"}],"curies":[{"name":"wp","href":"https:\/\/api.w.org\/{rel}","templated":true}]}}