{"id":1583,"date":"2025-05-13T10:26:49","date_gmt":"2025-05-13T08:26:49","guid":{"rendered":"https:\/\/modulocoop.fr\/?p=1551"},"modified":"2026-02-02T11:36:26","modified_gmt":"2026-02-02T10:36:26","slug":"1551","status":"publish","type":"post","link":"https:\/\/laserfouette.fr\/index.php\/2025\/05\/13\/1551\/","title":{"rendered":"Faire \u00e9voluer une gouvernance"},"content":{"rendered":"\n<p><em>\u00ab\u00a0C&rsquo;est une structure qui a de belles valeurs, mais dans la r\u00e9alit\u00e9 on n&rsquo;y est pas !\u00a0\u00bb<br><br>\u00ab\u00a0On lutte contre les in\u00e9galit\u00e9s, mais dans notre organisation, les rapports sont tr\u00e8s in\u00e9gaux !\u00a0\u00bb.<\/em><br><br>C&rsquo;est le genre de phrase que j&rsquo;entends souvent quand j&rsquo;aborde les questions d&rsquo;organisation dans les collectifs associatifs ou autres. Les personnes t\u00e9moignent de dissonances cognitives, de sentiment de d\u00e9calage entre ce qui est mis en avant par leur organisation, et ce qu&rsquo;elles vivent au quotidien.<br><br>Quand on arrive \u00e0 la recherche de solutions, certaines arrivent comme une formule magique&nbsp; :<\/p>\n\n\n\n<figure data-wp-context=\"{&quot;imageId&quot;:&quot;69f5b5fc86b2e&quot;}\" data-wp-interactive=\"core\/image\" data-wp-key=\"69f5b5fc86b2e\" class=\"wp-block-image size-large wp-lightbox-container\"><img data-opt-id=1346488563  fetchpriority=\"high\" decoding=\"async\" data-wp-class--hide=\"state.isContentHidden\" data-wp-class--show=\"state.isContentVisible\" data-wp-init=\"callbacks.setButtonStyles\" data-wp-on--click=\"actions.showLightbox\" data-wp-on--load=\"callbacks.setButtonStyles\" data-wp-on-window--resize=\"callbacks.setButtonStyles\" src=\"https:\/\/mluknvwbnyjc.i.optimole.com\/w:1024\/h:598\/q:mauto\/f:best\/https:\/\/laserfouette.fr\/wp-content\/uploads\/2025\/05\/changer-la-gouvernance-1024x598.jpg\" alt=\"\" class=\"wp-image-1554\"\/><button\n\t\t\tclass=\"lightbox-trigger\"\n\t\t\ttype=\"button\"\n\t\t\taria-haspopup=\"dialog\"\n\t\t\taria-label=\"Agrandir\"\n\t\t\tdata-wp-init=\"callbacks.initTriggerButton\"\n\t\t\tdata-wp-on--click=\"actions.showLightbox\"\n\t\t\tdata-wp-style--right=\"state.imageButtonRight\"\n\t\t\tdata-wp-style--top=\"state.imageButtonTop\"\n\t\t>\n\t\t\t<svg xmlns=\"http:\/\/www.w3.org\/2000\/svg\" width=\"12\" height=\"12\" fill=\"none\" viewBox=\"0 0 12 12\">\n\t\t\t\t<path fill=\"#fff\" d=\"M2 0a2 2 0 0 0-2 2v2h1.5V2a.5.5 0 0 1 .5-.5h2V0H2Zm2 10.5H2a.5.5 0 0 1-.5-.5V8H0v2a2 2 0 0 0 2 2h2v-1.5ZM8 12v-1.5h2a.5.5 0 0 0 .5-.5V8H12v2a2 2 0 0 1-2 2H8Zm2-12a2 2 0 0 1 2 2v2h-1.5V2a.5.5 0 0 0-.5-.5H8V0h2Z\" \/>\n\t\t\t<\/svg>\n\t\t<\/button><\/figure>\n\n\n\n<p>M\u00eame s&rsquo;il y a clairement un effet de mode, il n&#8217;emp\u00eache que c&rsquo;est une d\u00e9marche souvent sinc\u00e8re. Les exp\u00e9rimentations de gouvernance partag\u00e9e et autres sociocraties ou encore holacraties, peuvent \u00eatre une vraie am\u00e9lioration pour une organisation qui va mal. Et bien s\u00fbr, tendre vers plus d&rsquo;horizontalit\u00e9 dans une structure est b\u00e9n\u00e9fique. Mais j&rsquo;ai aussi \u00e9t\u00e9 t\u00e9moin de situations o\u00f9 \u00e7a ne fonctionne tout simplement pas&#8230;<br><br>Je vois deux \u00e9cueils qui peuvent alerter :&nbsp;<\/p>\n\n\n\n<p><em>\u00ab\u00a0On a un mod\u00e8le trop hi\u00e9rarchique, on change pour une organisation en cercles !\u00a0\u00bb<\/em>&nbsp;<\/p>\n\n\n\n<p><strong>O\u00f9 est le probl\u00e8me ?<\/strong> C&rsquo;est comme faire un diagnostic en vitesse, parce qu&rsquo;on a entendu parler d&rsquo;un rem\u00e8de miracle qu&rsquo;on a envie d&rsquo;essayer. Le risque est de tout miser sur le changement de mod\u00e8le, comme si c&rsquo;\u00e9tait une solution magique. Je pr\u00e9f\u00e8re voir le mod\u00e8le de gouvernance comme un outil : il n&rsquo;est pas bon ou mauvais en soi, mais c&rsquo;est plut\u00f4t la mani\u00e8re dont il est utilis\u00e9 qui peut poser probl\u00e8me.<br>&nbsp;<\/p>\n\n\n\n<p><em>\u00ab\u00a0\u00c0 bas les chef\u22c5fes ! D\u00e9cr\u00e9tons l&rsquo;horizontalit\u00e9 !\u00a0\u00bb<\/em><\/p>\n\n\n\n<p><strong>O\u00f9 est le probl\u00e8me ?<\/strong> Au-del\u00e0 du caract\u00e8re assez ironique de ce genre d&rsquo;orientation (souvent port\u00e9e par un\u22c5e chef\u22c5fe charismatique, qui aimerait bien se targuer d&rsquo;\u00eatre leader d&rsquo;un changement puissant), il s&rsquo;agit d&rsquo;\u00e9couter, reconna\u00eetre le besoin de structure. Et penser la question du pouvoir. Si le changement de mod\u00e8le est simplement d\u00e9cr\u00e9t\u00e9, il y a de grandes chances que celui-ci soit superficiel : on change plein de choses en apparence, mais le gros du probl\u00e8me reste le m\u00eame.<br><br>\ud83e\ude84 Dans les deux situations, la transition ne modifie pas en profondeur les rapports de pouvoir et les pratiques qui posent probl\u00e8me. Tout en donnant l&rsquo;illusion que c&rsquo;est le cas. \u00c7a peut \u00eatre v\u00e9cu comme une fa\u00e7on d&rsquo;\u00e9vacuer les tensions sans les adresser.&nbsp;<br>Le risque est aussi de s&rsquo;engager dans un m\u00e9canisme d\u00e9l\u00e9t\u00e8re : le m\u00eame sch\u00e9ma se r\u00e9p\u00e8te, avec \u00e0 chaque fois sont plus de lassitude, et ce jusqu&rsquo;\u00e0 l&rsquo;\u00e9puisement.<\/p>\n\n\n\n<figure data-wp-context=\"{&quot;imageId&quot;:&quot;69f5b5fc87420&quot;}\" data-wp-interactive=\"core\/image\" data-wp-key=\"69f5b5fc87420\" class=\"wp-block-image size-large wp-lightbox-container\"><img data-opt-id=1941884980  fetchpriority=\"high\" decoding=\"async\" width=\"744\" height=\"1024\" data-wp-class--hide=\"state.isContentHidden\" data-wp-class--show=\"state.isContentVisible\" data-wp-init=\"callbacks.setButtonStyles\" data-wp-on--click=\"actions.showLightbox\" data-wp-on--load=\"callbacks.setButtonStyles\" data-wp-on-window--resize=\"callbacks.setButtonStyles\" src=\"https:\/\/mluknvwbnyjc.i.optimole.com\/w:744\/h:1024\/q:mauto\/f:best\/https:\/\/laserfouette.fr\/wp-content\/uploads\/2025\/05\/gouvernance-dysfonctionnelle-1-scaled-1.jpg\" alt=\"\" class=\"wp-image-1552\" srcset=\"https:\/\/mluknvwbnyjc.i.optimole.com\/w:744\/h:1024\/q:mauto\/f:best\/https:\/\/laserfouette.fr\/wp-content\/uploads\/2025\/05\/gouvernance-dysfonctionnelle-1-scaled-1.jpg 744w, https:\/\/mluknvwbnyjc.i.optimole.com\/w:218\/h:300\/q:mauto\/f:best\/https:\/\/laserfouette.fr\/wp-content\/uploads\/2025\/05\/gouvernance-dysfonctionnelle-1-scaled-1.jpg 218w, https:\/\/mluknvwbnyjc.i.optimole.com\/w:768\/h:1058\/q:mauto\/f:best\/https:\/\/laserfouette.fr\/wp-content\/uploads\/2025\/05\/gouvernance-dysfonctionnelle-1-scaled-1.jpg 768w, https:\/\/mluknvwbnyjc.i.optimole.com\/w:1115\/h:1536\/q:mauto\/f:best\/https:\/\/laserfouette.fr\/wp-content\/uploads\/2025\/05\/gouvernance-dysfonctionnelle-1-scaled-1.jpg 1115w, https:\/\/mluknvwbnyjc.i.optimole.com\/w:1487\/h:2048\/q:mauto\/f:best\/https:\/\/laserfouette.fr\/wp-content\/uploads\/2025\/05\/gouvernance-dysfonctionnelle-1-scaled-1.jpg 1487w, https:\/\/mluknvwbnyjc.i.optimole.com\/w:1859\/h:2560\/q:mauto\/f:best\/https:\/\/laserfouette.fr\/wp-content\/uploads\/2025\/05\/gouvernance-dysfonctionnelle-1-scaled-1.jpg 1859w\" sizes=\"(max-width: 744px) 100vw, 744px\" \/><button\n\t\t\tclass=\"lightbox-trigger\"\n\t\t\ttype=\"button\"\n\t\t\taria-haspopup=\"dialog\"\n\t\t\taria-label=\"Agrandir\"\n\t\t\tdata-wp-init=\"callbacks.initTriggerButton\"\n\t\t\tdata-wp-on--click=\"actions.showLightbox\"\n\t\t\tdata-wp-style--right=\"state.imageButtonRight\"\n\t\t\tdata-wp-style--top=\"state.imageButtonTop\"\n\t\t>\n\t\t\t<svg xmlns=\"http:\/\/www.w3.org\/2000\/svg\" width=\"12\" height=\"12\" fill=\"none\" viewBox=\"0 0 12 12\">\n\t\t\t\t<path fill=\"#fff\" d=\"M2 0a2 2 0 0 0-2 2v2h1.5V2a.5.5 0 0 1 .5-.5h2V0H2Zm2 10.5H2a.5.5 0 0 1-.5-.5V8H0v2a2 2 0 0 0 2 2h2v-1.5ZM8 12v-1.5h2a.5.5 0 0 0 .5-.5V8H12v2a2 2 0 0 1-2 2H8Zm2-12a2 2 0 0 1 2 2v2h-1.5V2a.5.5 0 0 0-.5-.5H8V0h2Z\" \/>\n\t\t\t<\/svg>\n\t\t<\/button><\/figure>\n\n\n\n<p>Alors que faire pour<strong> pr\u00e9venir les risques d&rsquo;\u00e9puisement et de sentiment d&rsquo;\u00e9chec ?<\/strong><br><br>\ud83d\udc63 Faire un pas de c\u00f4t\u00e9 en collectif. L&rsquo;enjeu est d&rsquo;arriver \u00e0 identifier les situations, les points qui bloquent au quotidien, qui g\u00e9n\u00e8rent de la souffrance.<\/p>\n\n\n\n<p>\ud83e\udef6 Une fois qu&rsquo;on a identifi\u00e9 un point de blocage, l&rsquo;\u00e9tape suivante est de d\u00e9cider du changement \u00e0 op\u00e9rer :<\/p>\n\n\n\n<ul class=\"wp-block-list\">\n<li>Qu&rsquo;est-ce qui est possible ?<\/li>\n\n\n\n<li>Ce qui semble impensable est-il vraiment impossible?<\/li>\n\n\n\n<li>Qu&rsquo;est-ce que ce changement impliquerait, \u00e0 l&rsquo;\u00e9chelle individuelle ET collective ?<\/li>\n<\/ul>\n\n\n\n<p>\ud83d\udddd\ufe0f La cl\u00e9 ici est d&rsquo;oser faire un changement <strong>vraiment radical<\/strong> (plut\u00f4t qu&rsquo;une multitude de modifications qui restent en surface). Une fois la phase de transition pass\u00e9e, peut-\u00eatre que la question de la gouvernance ne se posera plus. Ou si c&rsquo;est le cas, les membres du collectif seront en mesure de mener un vrai changement de mod\u00e8le.<br><br>Pour aller plus loin, sur des sujets connexes, je t&rsquo;invite \u00e0 parcourir ces pr\u00e9c\u00e9dents num\u00e9ros de la Lettre des Pouvoirs Collectifs :&nbsp;<\/p>\n\n\n\n<ul class=\"wp-block-list\">\n<li><a href=\"https:\/\/laserfouette.fr\/2022\/04\/13\/gouvernance-partagee-repartition-des-pouvoirs\/\" target=\"_blank\" rel=\"noreferrer noopener\">Gouvernance partag\u00e9e et r\u00e9partition des pouvoirs<\/a><\/li>\n\n\n\n<li><a href=\"https:\/\/laserfouette.fr\/2022\/04\/13\/gouvernance-partagee-repartition-des-pouvoirs\/\" target=\"_blank\" rel=\"noreferrer noopener\">Pouvoir d&rsquo;agir <\/a><a href=\"https:\/\/laserfouette.fr\/2022\/08\/30\/pouvoir-dagir-collectif\/\" target=\"_blank\" rel=\"noreferrer noopener\">en collectif<\/a><\/li>\n\n\n\n<li><a href=\"https:\/\/laserfouette.fr\/2022\/05\/10\/faire-exister-les-conflits\/\" target=\"_blank\" rel=\"noreferrer noopener\">Questionner la radicalit\u00e9 dans un groupe<\/a><\/li>\n\n\n\n<li><a href=\"https:\/\/laserfouette.fr\/2022\/05\/10\/faire-exister-les-conflits\/\" target=\"_blank\" rel=\"noreferrer noopener\">Animer un espace de conflits<\/a><\/li>\n<\/ul>\n\n\n\n<p><\/p>\n","protected":false},"excerpt":{"rendered":"<p>\u00ab\u00a0C&rsquo;est une structure qui a de belles valeurs, mais dans la r\u00e9alit\u00e9 on n&rsquo;y est pas !\u00a0\u00bb \u00ab\u00a0On lutte contre les in\u00e9galit\u00e9s, mais dans notre organisation, les rapports sont tr\u00e8s in\u00e9gaux !\u00a0\u00bb. C&rsquo;est le genre de phrase que j&rsquo;entends souvent quand j&rsquo;aborde les questions d&rsquo;organisation dans les collectifs associatifs ou autres. Les personnes t\u00e9moignent de [&hellip;]<\/p>\n","protected":false},"author":1,"featured_media":1552,"comment_status":"open","ping_status":"open","sticky":false,"template":"","format":"standard","meta":{"footnotes":""},"categories":[1],"tags":[],"class_list":["post-1583","post","type-post","status-publish","format-standard","has-post-thumbnail","hentry","category-non-classe"],"_links":{"self":[{"href":"https:\/\/laserfouette.fr\/index.php\/wp-json\/wp\/v2\/posts\/1583","targetHints":{"allow":["GET"]}}],"collection":[{"href":"https:\/\/laserfouette.fr\/index.php\/wp-json\/wp\/v2\/posts"}],"about":[{"href":"https:\/\/laserfouette.fr\/index.php\/wp-json\/wp\/v2\/types\/post"}],"author":[{"embeddable":true,"href":"https:\/\/laserfouette.fr\/index.php\/wp-json\/wp\/v2\/users\/1"}],"replies":[{"embeddable":true,"href":"https:\/\/laserfouette.fr\/index.php\/wp-json\/wp\/v2\/comments?post=1583"}],"version-history":[{"count":1,"href":"https:\/\/laserfouette.fr\/index.php\/wp-json\/wp\/v2\/posts\/1583\/revisions"}],"predecessor-version":[{"id":1686,"href":"https:\/\/laserfouette.fr\/index.php\/wp-json\/wp\/v2\/posts\/1583\/revisions\/1686"}],"wp:featuredmedia":[{"embeddable":true,"href":"https:\/\/laserfouette.fr\/index.php\/wp-json\/wp\/v2\/media\/1552"}],"wp:attachment":[{"href":"https:\/\/laserfouette.fr\/index.php\/wp-json\/wp\/v2\/media?parent=1583"}],"wp:term":[{"taxonomy":"category","embeddable":true,"href":"https:\/\/laserfouette.fr\/index.php\/wp-json\/wp\/v2\/categories?post=1583"},{"taxonomy":"post_tag","embeddable":true,"href":"https:\/\/laserfouette.fr\/index.php\/wp-json\/wp\/v2\/tags?post=1583"}],"curies":[{"name":"wp","href":"https:\/\/api.w.org\/{rel}","templated":true}]}}