{"id":1580,"date":"2026-01-09T10:24:19","date_gmt":"2026-01-09T09:24:19","guid":{"rendered":"https:\/\/modulocoop.fr\/?p=1580"},"modified":"2026-02-02T11:34:52","modified_gmt":"2026-02-02T10:34:52","slug":"les-appels-a-projets-sans-se-laisser-piloter","status":"publish","type":"post","link":"https:\/\/laserfouette.fr\/index.php\/2026\/01\/09\/les-appels-a-projets-sans-se-laisser-piloter\/","title":{"rendered":"Les appels \u00e0 projets sans se laisser piloter"},"content":{"rendered":"\n<p>Les assos ne vont pas bien. Les financements sont de plus en plus en plus faibles. Et cette pr\u00e9occupation vient teinter tous les enjeux d&rsquo;organisation interne. Si tu es engag\u00e9\u22c5e dans une asso, tu le sais, tu le vis : on n&rsquo;est pas dans un secteur marchand mais on est oblig\u00e9s de penser \u00e0 l&rsquo;argent, programmer des actions sans savoir si elles pourront \u00eatre financ\u00e9es etc.&nbsp;<br><br>Il y a deux ans, j\u2019\u00e9crivais <a href=\"https:\/\/laserfouette.fr\/2023\/01\/11\/comment-sorganiser-sans-projet\/\" target=\"_blank\" rel=\"noreferrer noopener\">cet article sur le projet<\/a>. Aujourd\u2019hui, j&rsquo;ai l\u2019impression que c\u2019est loin d&rsquo;\u00eatre suffisant, que le contexte a chang\u00e9. Se d\u00e9tacher du projet est un luxe. Pour faire financer ses activit\u00e9s, r\u00e9pondre \u00e0 un appel \u00e0 projet est parfois la seule option tenable.&nbsp;<br><br>Alors comment faire quand on est dans cette situation ? Y aller, oui. Mais quelles pistes pour ne pas subir et affaiblir son association ?&nbsp;<\/p>\n\n\n\n<p>(Je me concentre sur les appels \u00e0 projet (AAP).&nbsp;Mais ces conseils fonctionnent pour tout type de recherche de financement)<\/p>\n\n\n\n<p>\ud83e\udd9c&nbsp;<strong>Replacer l&rsquo;AAP comme un moyen et non pas une fin<\/strong><br><br>R\u00e9pondre \u00e0 des appels \u00e0 projets est devenu un des principaux moyens de faire financer les activit\u00e9s en association. Les politiques publiques passent par ce syst\u00e8me automatis\u00e9, cens\u00e9 rendre objectif l&rsquo;allocation des subventions. On parle de pilotage \u00e0 distance, et \u00e7a n&rsquo;a rien d&rsquo;objectif ou de neutre.&nbsp;C&rsquo;est ce qu&rsquo;on appelle le \u00ab\u00a0pilotage \u00e0 distance\u00a0\u00bb des politiques publiques \u2013 et \u00e9videmment, cette approche n&rsquo;a rien de neutre &nbsp; &nbsp;<br><br>Alors pour ne pas se laisser piloter et perdre le sens de nos actions, il y a un enjeu \u00e0 bien d\u00e9terminer en amont ce qu&rsquo;on souhaite. Ensuite vient la recherche de financement.&nbsp;<br>Pour certain\u22c5es \u00e7a peut para\u00eetre \u00e9vident, pour d&rsquo;autre, c&rsquo;est compliqu\u00e9 \u00e0 envisager. Car les ressources des appels \u00e0 projets ne sont pas infinies.&nbsp;<\/p>\n\n\n\n<p>\ud83e\udded&nbsp;<strong>Gouvernance et r\u00f4le des dirigeant\u22c5es<\/strong><\/p>\n\n\n\n<p>Que la gouvernance soit horizontale, ou bien hi\u00e9rarchique, c&rsquo;est bien son r\u00f4le de politiser cette question de la recherche de financement. C&rsquo;est-\u00e0-dire que les personnes administratrices et\/ou dirigeantes sont l\u00e0 pour questionner et aider \u00e0 d\u00e9finir le cap.<\/p>\n\n\n\n<ul class=\"wp-block-list\">\n<li>Financement publics ou priv\u00e9s ?<\/li>\n\n\n\n<li>D&rsquo;o\u00f9 vient l&rsquo;argent qu&rsquo;on sollicite ? Est-on pr\u00eat \u00e0 l&rsquo;assumer ?&nbsp;<\/li>\n\n\n\n<li>Quel sens donne-t-on \u00e0 ce choix ?&nbsp;&nbsp;<\/li>\n<\/ul>\n\n\n\n<p>Un \u00e9cueil \u00e0 \u00e9viter : d\u00e9l\u00e9guer ces choix aux personnes sur le terrain, au plus petit \u00e9chelon. C&rsquo;est d&rsquo;ailleurs fait parfois sous pr\u00e9texte d&rsquo;horizontalit\u00e9 et de partage des pouvoirs. Un bon moyen de se d\u00e9charger d&rsquo;une responsabilit\u00e9, et de cr\u00e9er de la culpabilit\u00e9 dans des \u00e9quipes d\u00e9j\u00e0 surcharg\u00e9es.&nbsp;<\/p>\n\n\n\n<p>\u200b\ud83d\uddfa\ufe0f&nbsp;<strong>En faire une affaire collective, ne pas rester seule<\/strong><\/p>\n\n\n\n<p>Plus que jamais, il s&rsquo;agit de s\u2019organiser. Ne pas laisser la recherche de financement reposer sur une seule personne.&nbsp;<br>On peut ainsi \u00e9changer, en amont sur les questions suivantes :&nbsp;<\/p>\n\n\n\n<ul class=\"wp-block-list\">\n<li>Quelles \u00e9motions est-ce-que \u00e7a cr\u00e9e pour chaque personne ?&nbsp;<\/li>\n\n\n\n<li>Quelles cons\u00e9quences, implications voit-on ? Pour soi ? Pour le collectif ?&nbsp;<\/li>\n\n\n\n<li>Quels am\u00e9nagements pourraient \u00eatre faits pour prendre tout \u00e7a en compte ?&nbsp;<\/li>\n<\/ul>\n\n\n\n<p>L&rsquo;enjeu ici est vraiment de se prot\u00e9ger en tant que groupe, de pr\u00e9venir les risques d&rsquo;\u00e9puisement.&nbsp;<br><br>Pour autant, le pilotage d&rsquo;un appel \u00e0 projet peut \u00eatre d\u00e9l\u00e9gu\u00e9 \u00e0 une personne qui en a le temps. Mais en s&rsquo;assurant que le reste de l&rsquo;\u00e9quipe soit suffisamment au courant, pour pouvoir aider si besoin.<\/p>\n\n\n\n<p><br>\ud83c\udff4\u200d\u2620\ufe0f\u200b&nbsp;<strong>Questionner les modes d&rsquo;\u00e9valuation et leurs indicateurs<\/strong><br><br>\u00c9valuer nos actions, \u00e7a peut \u00eatre une opportunit\u00e9. C&rsquo;est un m\u00e9rite des appels \u00e0 projet : ils contraignent \u00e0 prendre du recul, de mesurer l\u2019efficacit\u00e9 des actions. \u00c7a peut permettre de se rendre compte qu&rsquo;on s&rsquo;est plant\u00e9 (et c&rsquo;est OK !). Ou au contraire c\u00e9l\u00e9brer quelques r\u00e9ussites d&rsquo;une action qu&rsquo;on a men\u00e9e.&nbsp;<br>Le souci est souvent dans les modes d&rsquo;\u00e9valuation qui sont propos\u00e9s (voire impos\u00e9s). Alors \u00e7a m\u00e9rite aussi de r\u00e9fl\u00e9chir aux indicateurs :<\/p>\n\n\n\n<ul class=\"wp-block-list\">\n<li>de quels indicateurs a-t-on besoin en tant que collectif pour savoir si on est satisfaits ?<\/li>\n\n\n\n<li>lesquels sont l\u00e0 pour le financeur uniquement ? \u2794 les faire s\u00e9rieusement mais sans y mettre trop d&rsquo;enjeux. Et en \u00e9tant transparent aupr\u00e8s des personnes sollicit\u00e9es (b\u00e9n\u00e9ficiaires, usagers, participants etc.) sur le fait que \u00e7a r\u00e9pond \u00e0 un besoin financier<\/li>\n<\/ul>\n\n\n\n<p>\ud83c\udfdd\ufe0f&nbsp;<strong>Se serrer les coudes en associations&nbsp;<\/strong><br><br>Le syst\u00e8me des appels \u00e0 projets repose sur la mise en concurrence des associations. Une logique qui nourrit la rivalit\u00e9 et le repli sur soi, l\u00e0 o\u00f9 la baisse des ressources devrait au contraire nous pousser \u00e0 coop\u00e9rer et \u00e0 faire front commun.<br><br>Alors, organisons-nous avec les structures alli\u00e9es et proches de nos actions ! Partageons nos astuces (et nos filouteries de pirates), r\u00e9partissons-nous les missions, coordonnons nos r\u00e9ponses.<\/p>\n\n\n\n<figure data-wp-context=\"{&quot;imageId&quot;:&quot;69f3afdb53aec&quot;}\" data-wp-interactive=\"core\/image\" data-wp-key=\"69f3afdb53aec\" class=\"wp-block-image size-large wp-lightbox-container\"><img data-opt-id=976595426  fetchpriority=\"high\" decoding=\"async\" width=\"1024\" height=\"727\" data-wp-class--hide=\"state.isContentHidden\" data-wp-class--show=\"state.isContentVisible\" data-wp-init=\"callbacks.setButtonStyles\" data-wp-on--click=\"actions.showLightbox\" data-wp-on--load=\"callbacks.setButtonStyles\" data-wp-on-window--resize=\"callbacks.setButtonStyles\" src=\"https:\/\/mluknvwbnyjc.i.optimole.com\/w:1024\/h:727\/q:mauto\/f:best\/https:\/\/laserfouette.fr\/wp-content\/uploads\/2026\/01\/AAP-1-scaled-1.jpg\" alt=\"\" class=\"wp-image-1581\" srcset=\"https:\/\/mluknvwbnyjc.i.optimole.com\/w:1024\/h:727\/q:mauto\/f:best\/https:\/\/laserfouette.fr\/wp-content\/uploads\/2026\/01\/AAP-1-scaled-1.jpg 1024w, https:\/\/mluknvwbnyjc.i.optimole.com\/w:300\/h:213\/q:mauto\/f:best\/https:\/\/laserfouette.fr\/wp-content\/uploads\/2026\/01\/AAP-1-scaled-1.jpg 300w, https:\/\/mluknvwbnyjc.i.optimole.com\/w:768\/h:545\/q:mauto\/f:best\/https:\/\/laserfouette.fr\/wp-content\/uploads\/2026\/01\/AAP-1-scaled-1.jpg 768w, https:\/\/mluknvwbnyjc.i.optimole.com\/w:1536\/h:1090\/q:mauto\/f:best\/https:\/\/laserfouette.fr\/wp-content\/uploads\/2026\/01\/AAP-1-scaled-1.jpg 1536w, https:\/\/mluknvwbnyjc.i.optimole.com\/w:1920\/h:1363\/q:mauto\/f:best\/https:\/\/laserfouette.fr\/wp-content\/uploads\/2026\/01\/AAP-1-scaled-1.jpg 2048w\" sizes=\"(max-width: 1000px) 100vw, 1000px\" \/><button\n\t\t\tclass=\"lightbox-trigger\"\n\t\t\ttype=\"button\"\n\t\t\taria-haspopup=\"dialog\"\n\t\t\taria-label=\"Agrandir\"\n\t\t\tdata-wp-init=\"callbacks.initTriggerButton\"\n\t\t\tdata-wp-on--click=\"actions.showLightbox\"\n\t\t\tdata-wp-style--right=\"state.imageButtonRight\"\n\t\t\tdata-wp-style--top=\"state.imageButtonTop\"\n\t\t>\n\t\t\t<svg xmlns=\"http:\/\/www.w3.org\/2000\/svg\" width=\"12\" height=\"12\" fill=\"none\" viewBox=\"0 0 12 12\">\n\t\t\t\t<path fill=\"#fff\" d=\"M2 0a2 2 0 0 0-2 2v2h1.5V2a.5.5 0 0 1 .5-.5h2V0H2Zm2 10.5H2a.5.5 0 0 1-.5-.5V8H0v2a2 2 0 0 0 2 2h2v-1.5ZM8 12v-1.5h2a.5.5 0 0 0 .5-.5V8H12v2a2 2 0 0 1-2 2H8Zm2-12a2 2 0 0 1 2 2v2h-1.5V2a.5.5 0 0 0-.5-.5H8V0h2Z\" \/>\n\t\t\t<\/svg>\n\t\t<\/button><\/figure>\n","protected":false},"excerpt":{"rendered":"<p>Les assos ne vont pas bien. Les financements sont de plus en plus en plus faibles. Et cette pr\u00e9occupation vient teinter tous les enjeux d&rsquo;organisation interne. Si tu es engag\u00e9\u22c5e dans une asso, tu le sais, tu le vis : on n&rsquo;est pas dans un secteur marchand mais on est oblig\u00e9s de penser \u00e0 l&rsquo;argent, [&hellip;]<\/p>\n","protected":false},"author":1,"featured_media":1581,"comment_status":"open","ping_status":"open","sticky":false,"template":"","format":"standard","meta":{"footnotes":""},"categories":[1],"tags":[],"class_list":["post-1580","post","type-post","status-publish","format-standard","has-post-thumbnail","hentry","category-non-classe"],"_links":{"self":[{"href":"https:\/\/laserfouette.fr\/index.php\/wp-json\/wp\/v2\/posts\/1580","targetHints":{"allow":["GET"]}}],"collection":[{"href":"https:\/\/laserfouette.fr\/index.php\/wp-json\/wp\/v2\/posts"}],"about":[{"href":"https:\/\/laserfouette.fr\/index.php\/wp-json\/wp\/v2\/types\/post"}],"author":[{"embeddable":true,"href":"https:\/\/laserfouette.fr\/index.php\/wp-json\/wp\/v2\/users\/1"}],"replies":[{"embeddable":true,"href":"https:\/\/laserfouette.fr\/index.php\/wp-json\/wp\/v2\/comments?post=1580"}],"version-history":[{"count":2,"href":"https:\/\/laserfouette.fr\/index.php\/wp-json\/wp\/v2\/posts\/1580\/revisions"}],"predecessor-version":[{"id":1685,"href":"https:\/\/laserfouette.fr\/index.php\/wp-json\/wp\/v2\/posts\/1580\/revisions\/1685"}],"wp:featuredmedia":[{"embeddable":true,"href":"https:\/\/laserfouette.fr\/index.php\/wp-json\/wp\/v2\/media\/1581"}],"wp:attachment":[{"href":"https:\/\/laserfouette.fr\/index.php\/wp-json\/wp\/v2\/media?parent=1580"}],"wp:term":[{"taxonomy":"category","embeddable":true,"href":"https:\/\/laserfouette.fr\/index.php\/wp-json\/wp\/v2\/categories?post=1580"},{"taxonomy":"post_tag","embeddable":true,"href":"https:\/\/laserfouette.fr\/index.php\/wp-json\/wp\/v2\/tags?post=1580"}],"curies":[{"name":"wp","href":"https:\/\/api.w.org\/{rel}","templated":true}]}}