{"id":1547,"date":"2025-05-13T10:21:23","date_gmt":"2025-05-13T08:21:23","guid":{"rendered":"https:\/\/modulocoop.fr\/?p=1547"},"modified":"2026-02-02T11:38:48","modified_gmt":"2026-02-02T10:38:48","slug":"sorganiser-sans-se-cramer","status":"publish","type":"post","link":"https:\/\/laserfouette.fr\/index.php\/2025\/05\/13\/sorganiser-sans-se-cramer\/","title":{"rendered":"S&rsquo;organiser sans se cramer"},"content":{"rendered":"\n<p>En travaillant dans et pour des associations, j&rsquo;ai souvent c\u00f4toy\u00e9 des personnes au bord de l&rsquo;\u00e9puisement.<br>Quand ces personnes, salari\u00e9es, b\u00e9n\u00e9voles, militantes me partagent des sentiments de fatigue, je ne peux pas r\u00e9ellement aider en tant qu&rsquo;intervenante. Et ce malgr\u00e9 l&#8217;empathie et l&rsquo;\u00e9coute que je pouvais mettre en place.<br><br>Parce que la plupart du temps, ce n&rsquo;est pas qu&rsquo;une probl\u00e9matique individuelle. C&rsquo;est en premier lieu <strong>une question d&rsquo;organisation collective<\/strong>. Surcharge de travail, perte de sens, sentiment de solitude, tout cela peut \u00eatre abord\u00e9 en groupe.<br><br>Bien s\u00fbr, attention \u00e0 la mani\u00e8re dont on s&rsquo;y prend quand on aborde ces questions. Au risque de rajouter au probl\u00e8me et \u00e0 la souffrance des personnes. Pour plus de d\u00e9tails sur le \u00ab\u00a0comment\u00a0\u00bb <strong>mettre en place et animer ces temps collectifs,<\/strong> je te renvoie vers deux num\u00e9ros pr\u00e9c\u00e9dents de cette lettre :<br><br>\ud83e\udd4a&nbsp;<a href=\"https:\/\/mailchi.mp\/f3e02725d776\/pouvoir-collectif-n20-dans-le-ring-de-boxe-de-nos-collectifs?e=[UNIQID]\" target=\"_blank\" rel=\"noreferrer noopener\">Animer un espace de conflit en collectif<\/a><br>\u26a1&nbsp;<a href=\"https:\/\/mailchi.mp\/792c27018c03\/lutter-ensemble-contre-la-crise-organise?e=[UNIQID]\" target=\"_blank\" rel=\"noreferrer noopener\">Analyser une situation de crise dans un groupe<\/a><br><br>Pour aller plus loin dans la r\u00e9flexion, je recommande <a href=\"https:\/\/hal.science\/hal-04057618\" target=\"_blank\" rel=\"noreferrer noopener\">cet article<\/a> de Simon Cottin Marx sur le Burn-Out Militant, limpide et complet.<br>Et voici un tableau \u00e0 double entr\u00e9e qui pr\u00e9sente les facteurs de risques expos\u00e9s dans l&rsquo;article. \ud83d\udc47\u200b<\/p>\n\n\n\n<figure data-wp-context=\"{&quot;imageId&quot;:&quot;69f3afda510fd&quot;}\" data-wp-interactive=\"core\/image\" data-wp-key=\"69f3afda510fd\" class=\"wp-block-image size-large wp-lightbox-container\"><img data-opt-id=1108838275  fetchpriority=\"high\" decoding=\"async\" width=\"1024\" height=\"712\" data-wp-class--hide=\"state.isContentHidden\" data-wp-class--show=\"state.isContentVisible\" data-wp-init=\"callbacks.setButtonStyles\" data-wp-on--click=\"actions.showLightbox\" data-wp-on--load=\"callbacks.setButtonStyles\" data-wp-on-window--resize=\"callbacks.setButtonStyles\" src=\"https:\/\/mluknvwbnyjc.i.optimole.com\/w:1024\/h:712\/q:mauto\/f:best\/https:\/\/laserfouette.fr\/wp-content\/uploads\/2025\/05\/Burn-out-militant-1-scaled-1.jpg\" alt=\"\" class=\"wp-image-1549\" srcset=\"https:\/\/mluknvwbnyjc.i.optimole.com\/w:1024\/h:712\/q:mauto\/f:best\/https:\/\/laserfouette.fr\/wp-content\/uploads\/2025\/05\/Burn-out-militant-1-scaled-1.jpg 1024w, https:\/\/mluknvwbnyjc.i.optimole.com\/w:300\/h:209\/q:mauto\/f:best\/https:\/\/laserfouette.fr\/wp-content\/uploads\/2025\/05\/Burn-out-militant-1-scaled-1.jpg 300w, https:\/\/mluknvwbnyjc.i.optimole.com\/w:768\/h:534\/q:mauto\/f:best\/https:\/\/laserfouette.fr\/wp-content\/uploads\/2025\/05\/Burn-out-militant-1-scaled-1.jpg 768w, https:\/\/mluknvwbnyjc.i.optimole.com\/w:1536\/h:1068\/q:mauto\/f:best\/https:\/\/laserfouette.fr\/wp-content\/uploads\/2025\/05\/Burn-out-militant-1-scaled-1.jpg 1536w, https:\/\/mluknvwbnyjc.i.optimole.com\/w:1920\/h:1335\/q:mauto\/f:best\/https:\/\/laserfouette.fr\/wp-content\/uploads\/2025\/05\/Burn-out-militant-1-scaled-1.jpg 2048w\" sizes=\"(max-width: 1000px) 100vw, 1000px\" \/><button\n\t\t\tclass=\"lightbox-trigger\"\n\t\t\ttype=\"button\"\n\t\t\taria-haspopup=\"dialog\"\n\t\t\taria-label=\"Agrandir\"\n\t\t\tdata-wp-init=\"callbacks.initTriggerButton\"\n\t\t\tdata-wp-on--click=\"actions.showLightbox\"\n\t\t\tdata-wp-style--right=\"state.imageButtonRight\"\n\t\t\tdata-wp-style--top=\"state.imageButtonTop\"\n\t\t>\n\t\t\t<svg xmlns=\"http:\/\/www.w3.org\/2000\/svg\" width=\"12\" height=\"12\" fill=\"none\" viewBox=\"0 0 12 12\">\n\t\t\t\t<path fill=\"#fff\" d=\"M2 0a2 2 0 0 0-2 2v2h1.5V2a.5.5 0 0 1 .5-.5h2V0H2Zm2 10.5H2a.5.5 0 0 1-.5-.5V8H0v2a2 2 0 0 0 2 2h2v-1.5ZM8 12v-1.5h2a.5.5 0 0 0 .5-.5V8H12v2a2 2 0 0 1-2 2H8Zm2-12a2 2 0 0 1 2 2v2h-1.5V2a.5.5 0 0 0-.5-.5H8V0h2Z\" \/>\n\t\t\t<\/svg>\n\t\t<\/button><figcaption class=\"wp-element-caption\">Tir\u00e9 de l&rsquo;article <em><a href=\"https:\/\/hal.science\/hal-04057618\" target=\"_blank\" rel=\"noreferrer noopener\">\u00ab\u00a0Le <\/a><\/em><a href=\"https:\/\/hal.science\/hal-04057618\">Burn-Out <em>militant. R\u00e9flexions pour ne pas \u00eatre consum\u00e9 par le feu militant\u00a0\u00bb<\/em><\/a><\/figcaption><\/figure>\n\n\n\n<div class=\"wp-block-columns is-layout-flex wp-container-core-columns-is-layout-28f84493 wp-block-columns-is-layout-flex\">\n<div class=\"wp-block-column is-layout-flow wp-block-column-is-layout-flow\" style=\"flex-basis:100%\"><\/div>\n<\/div>\n\n\n\n<p><\/p>\n","protected":false},"excerpt":{"rendered":"<p>En travaillant dans et pour des associations, j&rsquo;ai souvent c\u00f4toy\u00e9 des personnes au bord de l&rsquo;\u00e9puisement.Quand ces personnes, salari\u00e9es, b\u00e9n\u00e9voles, militantes me partagent des sentiments de fatigue, je ne peux pas r\u00e9ellement aider en tant qu&rsquo;intervenante. Et ce malgr\u00e9 l&#8217;empathie et l&rsquo;\u00e9coute que je pouvais mettre en place. Parce que la plupart du temps, ce [&hellip;]<\/p>\n","protected":false},"author":1,"featured_media":1548,"comment_status":"open","ping_status":"open","sticky":false,"template":"","format":"standard","meta":{"footnotes":""},"categories":[1],"tags":[],"class_list":["post-1547","post","type-post","status-publish","format-standard","has-post-thumbnail","hentry","category-non-classe"],"_links":{"self":[{"href":"https:\/\/laserfouette.fr\/index.php\/wp-json\/wp\/v2\/posts\/1547","targetHints":{"allow":["GET"]}}],"collection":[{"href":"https:\/\/laserfouette.fr\/index.php\/wp-json\/wp\/v2\/posts"}],"about":[{"href":"https:\/\/laserfouette.fr\/index.php\/wp-json\/wp\/v2\/types\/post"}],"author":[{"embeddable":true,"href":"https:\/\/laserfouette.fr\/index.php\/wp-json\/wp\/v2\/users\/1"}],"replies":[{"embeddable":true,"href":"https:\/\/laserfouette.fr\/index.php\/wp-json\/wp\/v2\/comments?post=1547"}],"version-history":[{"count":2,"href":"https:\/\/laserfouette.fr\/index.php\/wp-json\/wp\/v2\/posts\/1547\/revisions"}],"predecessor-version":[{"id":1688,"href":"https:\/\/laserfouette.fr\/index.php\/wp-json\/wp\/v2\/posts\/1547\/revisions\/1688"}],"wp:featuredmedia":[{"embeddable":true,"href":"https:\/\/laserfouette.fr\/index.php\/wp-json\/wp\/v2\/media\/1548"}],"wp:attachment":[{"href":"https:\/\/laserfouette.fr\/index.php\/wp-json\/wp\/v2\/media?parent=1547"}],"wp:term":[{"taxonomy":"category","embeddable":true,"href":"https:\/\/laserfouette.fr\/index.php\/wp-json\/wp\/v2\/categories?post=1547"},{"taxonomy":"post_tag","embeddable":true,"href":"https:\/\/laserfouette.fr\/index.php\/wp-json\/wp\/v2\/tags?post=1547"}],"curies":[{"name":"wp","href":"https:\/\/api.w.org\/{rel}","templated":true}]}}