{"id":1501,"date":"2024-10-03T10:03:17","date_gmt":"2024-10-03T08:03:17","guid":{"rendered":"https:\/\/modulocoop.fr\/?p=1501"},"modified":"2024-10-03T10:03:17","modified_gmt":"2024-10-03T08:03:17","slug":"quand-un-groupe-traverse-une-crise","status":"publish","type":"post","link":"https:\/\/laserfouette.fr\/index.php\/2024\/10\/03\/quand-un-groupe-traverse-une-crise\/","title":{"rendered":"Quand un groupe traverse une crise"},"content":{"rendered":"\n<p>\u00ab\u00a0C&rsquo;est la crise dans mon collectif !\u00a0\u00bb, \u00e7a veut dire quoi au juste ? Qu&rsquo;est-ce qui se passe ?<br><br>Cet \u00e9t\u00e9, au d\u00e9tour d&rsquo;une formation, j&rsquo;ai (re)d\u00e9couvert l&rsquo;<strong>analyse institutionnelle<\/strong>. Ce courant des sciences sociales permet d&rsquo;\u00e9clairer ce qui se joue dans les groupes &#8211; ou \u00ab\u00a0institutions\u00a0\u00bb*- notamment en cas de crise.\u00a0 <em>* Institution : un groupe avec \u00ab\u00a0un ensemble de normes qui r\u00e9gissent l\u2019organisation des rapports sociaux entre les individus.\u00a0\u00bb (Remi Hess)<\/em><br>Tu as peut-\u00eatre d\u00e9j\u00e0 entendu quelqu&rsquo;un dire qu&rsquo;un groupe c\u2019est <strong>\u00ab\u00a0plus que la somme de ses individus\u00a0\u00bb<\/strong>. Mais alors, qu\u2019est-ce que c\u2019est ce \u00ab plus \u00bb\u00a0?<br>\u00c7a peut \u00eatre les relations entre les membres, des comportements, des postures, des influences ext\u00e9rieures : tout \u00e7a participe \u00e0 faire du groupe ce qu&rsquo;il est !<\/p>\n\n\n\n<figure data-wp-context=\"{&quot;imageId&quot;:&quot;69f3afdacd43b&quot;}\" data-wp-interactive=\"core\/image\" data-wp-key=\"69f3afdacd43b\" class=\"wp-block-image size-full wp-lightbox-container\"><img data-opt-id=406558497  fetchpriority=\"high\" decoding=\"async\" width=\"404\" height=\"409\" data-wp-class--hide=\"state.isContentHidden\" data-wp-class--show=\"state.isContentVisible\" data-wp-init=\"callbacks.setButtonStyles\" data-wp-on--click=\"actions.showLightbox\" data-wp-on--load=\"callbacks.setButtonStyles\" data-wp-on-window--resize=\"callbacks.setButtonStyles\" src=\"https:\/\/mluknvwbnyjc.i.optimole.com\/w:auto\/h:auto\/q:mauto\/f:best\/https:\/\/laserfouette.fr\/wp-content\/uploads\/2024\/10\/0-groupe.png\" alt=\"\" class=\"wp-image-1503\" srcset=\"https:\/\/mluknvwbnyjc.i.optimole.com\/w:404\/h:409\/q:mauto\/f:best\/https:\/\/laserfouette.fr\/wp-content\/uploads\/2024\/10\/0-groupe.png 404w, https:\/\/mluknvwbnyjc.i.optimole.com\/w:296\/h:300\/q:mauto\/f:best\/https:\/\/laserfouette.fr\/wp-content\/uploads\/2024\/10\/0-groupe.png 296w\" sizes=\"(max-width: 404px) 100vw, 404px\" \/><button\n\t\t\tclass=\"lightbox-trigger\"\n\t\t\ttype=\"button\"\n\t\t\taria-haspopup=\"dialog\"\n\t\t\taria-label=\"Agrandir\"\n\t\t\tdata-wp-init=\"callbacks.initTriggerButton\"\n\t\t\tdata-wp-on--click=\"actions.showLightbox\"\n\t\t\tdata-wp-style--right=\"state.imageButtonRight\"\n\t\t\tdata-wp-style--top=\"state.imageButtonTop\"\n\t\t>\n\t\t\t<svg xmlns=\"http:\/\/www.w3.org\/2000\/svg\" width=\"12\" height=\"12\" fill=\"none\" viewBox=\"0 0 12 12\">\n\t\t\t\t<path fill=\"#fff\" d=\"M2 0a2 2 0 0 0-2 2v2h1.5V2a.5.5 0 0 1 .5-.5h2V0H2Zm2 10.5H2a.5.5 0 0 1-.5-.5V8H0v2a2 2 0 0 0 2 2h2v-1.5ZM8 12v-1.5h2a.5.5 0 0 0 .5-.5V8H12v2a2 2 0 0 1-2 2H8Zm2-12a2 2 0 0 1 2 2v2h-1.5V2a.5.5 0 0 0-.5-.5H8V0h2Z\" \/>\n\t\t\t<\/svg>\n\t\t<\/button><\/figure>\n\n\n\n<p>En analyse institutionnelle, tout ce \u00ab\u00a0plus\u00a0\u00bb est appel\u00e9 \u00ab\u00a0<strong>forces sociales\u00a0<\/strong>\u00bb.<br>Prenons par exemple une association de cyclistes. Les forces sociales pr\u00e9sentes au moment de sa cr\u00e9ation pourraient \u00eatre :\u00a0 Une personne motrice (Colette qui a un r\u00e9seau de fou, et rassemble plein de monde autour d\u2019elle) Un besoin pr\u00e9gnant\u00a0(manque de pistes cyclables) Des liens amicaux avec la Mairie Des locaux en centre-ville Toutes ces forces vont ensemble constituer <strong>la forme <\/strong>sociale. C&rsquo;est-\u00e0-dire une institution avec une organisation, un fonctionnement, des normes qui lui sont propres<strong>.<\/strong><\/p>\n\n\n\n<figure data-wp-context=\"{&quot;imageId&quot;:&quot;69f3afdacdb30&quot;}\" data-wp-interactive=\"core\/image\" data-wp-key=\"69f3afdacdb30\" class=\"wp-block-image size-full wp-lightbox-container\"><img data-opt-id=1642862211  fetchpriority=\"high\" decoding=\"async\" width=\"569\" height=\"463\" data-wp-class--hide=\"state.isContentHidden\" data-wp-class--show=\"state.isContentVisible\" data-wp-init=\"callbacks.setButtonStyles\" data-wp-on--click=\"actions.showLightbox\" data-wp-on--load=\"callbacks.setButtonStyles\" data-wp-on-window--resize=\"callbacks.setButtonStyles\" src=\"https:\/\/mluknvwbnyjc.i.optimole.com\/w:auto\/h:auto\/q:mauto\/f:best\/https:\/\/laserfouette.fr\/wp-content\/uploads\/2024\/10\/1-forme-sociale-1.png\" alt=\"\" class=\"wp-image-1504\" srcset=\"https:\/\/mluknvwbnyjc.i.optimole.com\/w:569\/h:463\/q:mauto\/f:best\/https:\/\/laserfouette.fr\/wp-content\/uploads\/2024\/10\/1-forme-sociale-1.png 569w, https:\/\/mluknvwbnyjc.i.optimole.com\/w:300\/h:244\/q:mauto\/f:best\/https:\/\/laserfouette.fr\/wp-content\/uploads\/2024\/10\/1-forme-sociale-1.png 300w\" sizes=\"(max-width: 569px) 100vw, 569px\" \/><button\n\t\t\tclass=\"lightbox-trigger\"\n\t\t\ttype=\"button\"\n\t\t\taria-haspopup=\"dialog\"\n\t\t\taria-label=\"Agrandir\"\n\t\t\tdata-wp-init=\"callbacks.initTriggerButton\"\n\t\t\tdata-wp-on--click=\"actions.showLightbox\"\n\t\t\tdata-wp-style--right=\"state.imageButtonRight\"\n\t\t\tdata-wp-style--top=\"state.imageButtonTop\"\n\t\t>\n\t\t\t<svg xmlns=\"http:\/\/www.w3.org\/2000\/svg\" width=\"12\" height=\"12\" fill=\"none\" viewBox=\"0 0 12 12\">\n\t\t\t\t<path fill=\"#fff\" d=\"M2 0a2 2 0 0 0-2 2v2h1.5V2a.5.5 0 0 1 .5-.5h2V0H2Zm2 10.5H2a.5.5 0 0 1-.5-.5V8H0v2a2 2 0 0 0 2 2h2v-1.5ZM8 12v-1.5h2a.5.5 0 0 0 .5-.5V8H12v2a2 2 0 0 1-2 2H8Zm2-12a2 2 0 0 1 2 2v2h-1.5V2a.5.5 0 0 0-.5-.5H8V0h2Z\" \/>\n\t\t\t<\/svg>\n\t\t<\/button><\/figure>\n\n\n\n<p>Le truc avec les forces sociales, c\u2019est qu&rsquo;elles sont vivantes. Et m\u00eame en constante \u00e9volution ! Les forces sociales sont sans cesse modifi\u00e9es par des \u00e9v\u00e8nements ou des forces nouvelles, qu&rsquo;on appelle \u00ab\u00a0des instituants.\u00a0\u00bb&nbsp;<\/p>\n\n\n\n<p>Par exemple :<\/p>\n\n\n\n<ul class=\"wp-block-list\">\n<li>Colette part fonder une autre association, qui lui prend plus de temps<\/li>\n\n\n\n<li>Louis-Karim arrive comme coordinateur, il souhaite instaurer un fonctionnement plus auto-gestionnaire<\/li>\n\n\n\n<li>Alternance \u00e0 la Mairie\u00a0: il faut \u00eatre plus insistant pour avoir des subventions<\/li>\n\n\n\n<li>Des pistes cyclables, il y en a. L\u2019acc\u00e8s aux v\u00e9los pour tous, et la r\u00e9duction de la voiture sont des nouveaux enjeux.<\/li>\n\n\n\n<li>Les locaux en centre-ville deviennent trop cher<\/li>\n<\/ul>\n\n\n\n<figure data-wp-context=\"{&quot;imageId&quot;:&quot;69f3afdace3e8&quot;}\" data-wp-interactive=\"core\/image\" data-wp-key=\"69f3afdace3e8\" class=\"wp-block-image size-full wp-lightbox-container\"><img data-opt-id=2065983734  data-opt-src=\"https:\/\/mluknvwbnyjc.i.optimole.com\/w:auto\/h:auto\/q:mauto\/f:best\/https:\/\/laserfouette.fr\/wp-content\/uploads\/2024\/10\/2-Force-sociale.png\"  decoding=\"async\" width=\"454\" height=\"457\" data-wp-class--hide=\"state.isContentHidden\" data-wp-class--show=\"state.isContentVisible\" data-wp-init=\"callbacks.setButtonStyles\" data-wp-on--click=\"actions.showLightbox\" data-wp-on--load=\"callbacks.setButtonStyles\" data-wp-on-window--resize=\"callbacks.setButtonStyles\" src=\"data:image/svg+xml,%3Csvg%20viewBox%3D%220%200%20100%%20100%%22%20width%3D%22100%%22%20height%3D%22100%%22%20xmlns%3D%22http%3A%2F%2Fwww.w3.org%2F2000%2Fsvg%22%3E%3Crect%20width%3D%22100%%22%20height%3D%22100%%22%20fill%3D%22transparent%22%2F%3E%3C%2Fsvg%3E\" alt=\"\" class=\"wp-image-1505\" old-srcset=\"https:\/\/mluknvwbnyjc.i.optimole.com\/w:454\/h:457\/q:mauto\/f:best\/https:\/\/laserfouette.fr\/wp-content\/uploads\/2024\/10\/2-Force-sociale.png 454w, https:\/\/mluknvwbnyjc.i.optimole.com\/w:298\/h:300\/q:mauto\/f:best\/https:\/\/laserfouette.fr\/wp-content\/uploads\/2024\/10\/2-Force-sociale.png 298w, https:\/\/mluknvwbnyjc.i.optimole.com\/w:150\/h:150\/q:mauto\/f:best\/https:\/\/laserfouette.fr\/wp-content\/uploads\/2024\/10\/2-Force-sociale.png 150w\" \/><button\n\t\t\tclass=\"lightbox-trigger\"\n\t\t\ttype=\"button\"\n\t\t\taria-haspopup=\"dialog\"\n\t\t\taria-label=\"Agrandir\"\n\t\t\tdata-wp-init=\"callbacks.initTriggerButton\"\n\t\t\tdata-wp-on--click=\"actions.showLightbox\"\n\t\t\tdata-wp-style--right=\"state.imageButtonRight\"\n\t\t\tdata-wp-style--top=\"state.imageButtonTop\"\n\t\t>\n\t\t\t<svg xmlns=\"http:\/\/www.w3.org\/2000\/svg\" width=\"12\" height=\"12\" fill=\"none\" viewBox=\"0 0 12 12\">\n\t\t\t\t<path fill=\"#fff\" d=\"M2 0a2 2 0 0 0-2 2v2h1.5V2a.5.5 0 0 1 .5-.5h2V0H2Zm2 10.5H2a.5.5 0 0 1-.5-.5V8H0v2a2 2 0 0 0 2 2h2v-1.5ZM8 12v-1.5h2a.5.5 0 0 0 .5-.5V8H12v2a2 2 0 0 1-2 2H8Zm2-12a2 2 0 0 1 2 2v2h-1.5V2a.5.5 0 0 0-.5-.5H8V0h2Z\" \/>\n\t\t\t<\/svg>\n\t\t<\/button><\/figure>\n\n\n\n<p>Avec ces fluctuations de forces sociales, la forme devient automatiquement obsol\u00e8te. Et souvent, elle n&rsquo;\u00e9volue pas. C&rsquo;est la forme initiale qui continue d&rsquo;op\u00e9rer.&nbsp;<\/p>\n\n\n\n<ul class=\"wp-block-list\">\n<li>Les personnes continuent le fonctionnement port\u00e9 par Colette, attendent des directives<\/li>\n\n\n\n<li>Il est inconcevable de d\u00e9m\u00e9nager dans un autre quartier<\/li>\n\n\n\n<li>On continue d&rsquo;entretenir des bons rapports avec la Mairie, bien que celle-ci ne serve plus nos int\u00e9r\u00eats<\/li>\n<\/ul>\n\n\n\n<figure data-wp-context=\"{&quot;imageId&quot;:&quot;69f3afdaceb1d&quot;}\" data-wp-interactive=\"core\/image\" data-wp-key=\"69f3afdaceb1d\" class=\"wp-block-image size-full wp-lightbox-container\"><img data-opt-id=1956588181  data-opt-src=\"https:\/\/mluknvwbnyjc.i.optimole.com\/w:auto\/h:auto\/q:mauto\/f:best\/https:\/\/laserfouette.fr\/wp-content\/uploads\/2024\/10\/3-forme-sociale.png\"  decoding=\"async\" width=\"315\" height=\"468\" data-wp-class--hide=\"state.isContentHidden\" data-wp-class--show=\"state.isContentVisible\" data-wp-init=\"callbacks.setButtonStyles\" data-wp-on--click=\"actions.showLightbox\" data-wp-on--load=\"callbacks.setButtonStyles\" data-wp-on-window--resize=\"callbacks.setButtonStyles\" src=\"data:image/svg+xml,%3Csvg%20viewBox%3D%220%200%20100%%20100%%22%20width%3D%22100%%22%20height%3D%22100%%22%20xmlns%3D%22http%3A%2F%2Fwww.w3.org%2F2000%2Fsvg%22%3E%3Crect%20width%3D%22100%%22%20height%3D%22100%%22%20fill%3D%22transparent%22%2F%3E%3C%2Fsvg%3E\" alt=\"\" class=\"wp-image-1506\" old-srcset=\"https:\/\/mluknvwbnyjc.i.optimole.com\/w:315\/h:468\/q:mauto\/f:best\/https:\/\/laserfouette.fr\/wp-content\/uploads\/2024\/10\/3-forme-sociale.png 315w, https:\/\/mluknvwbnyjc.i.optimole.com\/w:202\/h:300\/q:mauto\/f:best\/https:\/\/laserfouette.fr\/wp-content\/uploads\/2024\/10\/3-forme-sociale.png 202w\" \/><button\n\t\t\tclass=\"lightbox-trigger\"\n\t\t\ttype=\"button\"\n\t\t\taria-haspopup=\"dialog\"\n\t\t\taria-label=\"Agrandir\"\n\t\t\tdata-wp-init=\"callbacks.initTriggerButton\"\n\t\t\tdata-wp-on--click=\"actions.showLightbox\"\n\t\t\tdata-wp-style--right=\"state.imageButtonRight\"\n\t\t\tdata-wp-style--top=\"state.imageButtonTop\"\n\t\t>\n\t\t\t<svg xmlns=\"http:\/\/www.w3.org\/2000\/svg\" width=\"12\" height=\"12\" fill=\"none\" viewBox=\"0 0 12 12\">\n\t\t\t\t<path fill=\"#fff\" d=\"M2 0a2 2 0 0 0-2 2v2h1.5V2a.5.5 0 0 1 .5-.5h2V0H2Zm2 10.5H2a.5.5 0 0 1-.5-.5V8H0v2a2 2 0 0 0 2 2h2v-1.5ZM8 12v-1.5h2a.5.5 0 0 0 .5-.5V8H12v2a2 2 0 0 1-2 2H8Zm2-12a2 2 0 0 1 2 2v2h-1.5V2a.5.5 0 0 0-.5-.5H8V0h2Z\" \/>\n\t\t\t<\/svg>\n\t\t<\/button><\/figure>\n\n\n\n<p>\ud83d\udc49 <strong>C&rsquo;est cette immobilit\u00e9 dans la forme sociale qui m\u00e8ne \u00e0 la crise<\/strong> <strong>: les forces sont comme bloqu\u00e9es dans une forme qui ne leur convient plus.<\/strong><br><br>Quand on a le sentiment que tout part en cacahou\u00e8te, on focalise sur un changement, un bouleversement -et c&rsquo;est bien normal ! Alors que ce n&rsquo;est pas l&rsquo;\u00e9v\u00e8nement en lui m\u00eame qui a provoqu\u00e9 la crise, mais la fa\u00e7on dont la forme sociale s&rsquo;est immobilis\u00e9e suite \u00e0 ce changement. Traverser la crise revient ainsi \u00e0 remettre du mouvement. Pour cela, il s&rsquo;agit dans un premier temps de reconnaitre les forces sociales qui traversent le groupe. Autrement dit, <strong>quelles sont les normes implicites \u00e0 l\u2019\u0153uvre ?<\/strong> <strong>Qu&rsquo;est-ce qui va tellement de soi que ce n&rsquo;est jamais dit, ni explicit\u00e9 ?<\/strong><br><br>\ud83e\ude82\u200b Pour aller plus loin sur cette notion d&rsquo;implicite et explicite dans les groupes, je t&rsquo;invite \u00e0 parcourir ce pr\u00e9c\u00e9dent article en cliquant <strong><a href=\"https:\/\/laserfouette.fr\/2023\/03\/20\/le-changement-le-traverser-sans-le-detester\/\" target=\"_blank\" rel=\"noreferrer noopener\">ici.<\/a><\/strong><\/p>\n\n\n\n<p><\/p>\n","protected":false},"excerpt":{"rendered":"<p>\u00ab\u00a0C&rsquo;est la crise dans mon collectif !\u00a0\u00bb, \u00e7a veut dire quoi au juste ? Qu&rsquo;est-ce qui se passe ? Cet \u00e9t\u00e9, au d\u00e9tour d&rsquo;une formation, j&rsquo;ai (re)d\u00e9couvert l&rsquo;analyse institutionnelle. Ce courant des sciences sociales permet d&rsquo;\u00e9clairer ce qui se joue dans les groupes &#8211; ou \u00ab\u00a0institutions\u00a0\u00bb*- notamment en cas de crise.\u00a0 * Institution : un [&hellip;]<\/p>\n","protected":false},"author":1,"featured_media":1502,"comment_status":"open","ping_status":"open","sticky":false,"template":"","format":"standard","meta":{"footnotes":""},"categories":[1],"tags":[],"class_list":["post-1501","post","type-post","status-publish","format-standard","has-post-thumbnail","hentry","category-non-classe"],"_links":{"self":[{"href":"https:\/\/laserfouette.fr\/index.php\/wp-json\/wp\/v2\/posts\/1501","targetHints":{"allow":["GET"]}}],"collection":[{"href":"https:\/\/laserfouette.fr\/index.php\/wp-json\/wp\/v2\/posts"}],"about":[{"href":"https:\/\/laserfouette.fr\/index.php\/wp-json\/wp\/v2\/types\/post"}],"author":[{"embeddable":true,"href":"https:\/\/laserfouette.fr\/index.php\/wp-json\/wp\/v2\/users\/1"}],"replies":[{"embeddable":true,"href":"https:\/\/laserfouette.fr\/index.php\/wp-json\/wp\/v2\/comments?post=1501"}],"version-history":[{"count":0,"href":"https:\/\/laserfouette.fr\/index.php\/wp-json\/wp\/v2\/posts\/1501\/revisions"}],"wp:featuredmedia":[{"embeddable":true,"href":"https:\/\/laserfouette.fr\/index.php\/wp-json\/wp\/v2\/media\/1502"}],"wp:attachment":[{"href":"https:\/\/laserfouette.fr\/index.php\/wp-json\/wp\/v2\/media?parent=1501"}],"wp:term":[{"taxonomy":"category","embeddable":true,"href":"https:\/\/laserfouette.fr\/index.php\/wp-json\/wp\/v2\/categories?post=1501"},{"taxonomy":"post_tag","embeddable":true,"href":"https:\/\/laserfouette.fr\/index.php\/wp-json\/wp\/v2\/tags?post=1501"}],"curies":[{"name":"wp","href":"https:\/\/api.w.org\/{rel}","templated":true}]}}