{"id":1416,"date":"2024-05-03T09:50:54","date_gmt":"2024-05-03T07:50:54","guid":{"rendered":"https:\/\/modulocoop.fr\/?p=1416"},"modified":"2026-02-02T14:57:58","modified_gmt":"2026-02-02T13:57:58","slug":"la-democratie-de-nos-organisations-a-notre-nation","status":"publish","type":"post","link":"https:\/\/laserfouette.fr\/index.php\/2024\/05\/03\/la-democratie-de-nos-organisations-a-notre-nation\/","title":{"rendered":"La d\u00e9mocratie : de nos organisations \u00e0 notre nation"},"content":{"rendered":"<p><b>\u00ab\u00a0On vise un fonctionnement d\u00e9mocratique\u00a0\u00bb, un terme qui parait presque d\u00e9suet quand on l&#8217;emploie pour parler d&rsquo;organisation interne. On pr\u00e9f\u00e8re parler de valeurs de \u00ab\u00a0participation\u00a0\u00bb, \u00ab\u00a0d&rsquo;horizontalit\u00e9\u00a0\u00bb, de \u00ab\u00a0gouvernance partag\u00e9e\u00a0\u00bb pour parler de la r\u00e9partition des pouvoirs. Et pourtant la d\u00e9mocratie comme id\u00e9al impr\u00e8gne aussi nos collectifs. C&rsquo;est pourquoi, dans cette lettre, j&rsquo;aimerais tirer le fil qu&rsquo;on appelle \u00ab\u00a0d\u00e9mocratie\u00a0\u00bb \u2013 et qui va de notre r\u00e9gime politique national, jusqu&rsquo;aux rapports de pouvoir dans nos organisations.<\/b><\/p>\n<h2>La d\u00e9mocratie repr\u00e9sentative en gal\u00e8re<\/h2>\n<p>Avec le printemps, on voit poindre la campagne des prochaines \u00e9lections europ\u00e9ennes. \u00c7a vient pour moi avec une boule au ventre \u00e0 l\u2019id\u00e9e de voir l\u2019extr\u00eame droite gagner du terrain. Et avec \u00e7a, un sentiment d\u2019impuissance face aux projets \u00e9cologiques et sociaux qui risquent de se voir broyer par la grosse machine du syst\u00e8me l\u00e9gislatif europ\u00e9en.<\/p>\n<p>(Si ce sentiment te parle, je te recommande vivement la s\u00e9rie <a href=\"https:\/\/www.france.tv\/series-et-fictions\/series-comedies\/parlement\/\">Parlement <\/a>diffus\u00e9e sur Arte. Elle adresse tr\u00e8s bien l&rsquo;absurdit\u00e9 du fonctionnement de l&rsquo;Union europ\u00e9enne. Et au fil des saisons, on peut y voir une vraie r\u00e9flexion sur LE politique qui est tout autre chose que LA politique.)<\/p>\n<p>Doit-on pour autant arr\u00eater de croire \u00e0 la d\u00e9mocratie ? Ou doit-on la d\u00e9fendre telle qu&rsquo;elle est, coute que coute, par peur de toute alternative ?<\/p>\n<p>\u00c0 ces deux questions, j&rsquo;ai envie de r\u00e9pondre : \u00ab\u00a0non\u00a0\u00bb.\u00a0Et j&rsquo;aimerais plut\u00f4t qu&rsquo;on s&rsquo;interroge sur la d\u00e9mocratie <strong>repr\u00e9sentative<\/strong>.<\/p>\n<p>Car c&rsquo;est bien souvent l\u00e0 qu&rsquo;est le probl\u00e8me : dans la suppos\u00e9e repr\u00e9sentativit\u00e9 de nos dirigeant\u22c5e\u22c5s. Et dans le fait de croire qu&rsquo;\u00e9lire des repr\u00e9sentant\u22c5e\u22c5s politiques est suffisant pour vivre en d\u00e9mocratie.<\/p>\n<p>L&rsquo;id\u00e9e de d\u00e9mocratie repr\u00e9sentative, me renvoie aux \u00e9lections des <strong>d\u00e9l\u00e9gu\u00e9s de classe<\/strong>\u00a0\u00e0 l&rsquo;\u00e9cole (qui sont cens\u00e9es apprendre aux enfants la d\u00e9mocratie). On d\u00e9l\u00e8gue \u00e0 une ou 2 personnes la vie d\u00e9mocratique de la classe. Les d\u00e9l\u00e9gu\u00e9\u22c5e\u22c5s ont un pouvoir limit\u00e9, mais iels vont pouvoir entrer dans une dimensions politique tout au long de l\u2019ann\u00e9e (au conseil de classe par exemple.) Mais le reste des votants ne le fait que le jour des \u00e9lections.<\/p>\n<p>\u00c0 l\u2019\u00e9chelle de la France, c\u2019est (\u00e9trangement) similaire. On parle de campagne, on parle de d\u00e9bat, on stigmatise l&rsquo;abstention.<\/p>\n<p>Mais, qu&rsquo;on vote ou non, l&rsquo;engagement politique se vit aussi au quotidien, dans des luttes politiques.<\/p>\n<p>Bien s\u00fbr, on peut se dire que la d\u00e9mocratie en France, se vit aussi localement. Et c&rsquo;est vrai, il y a une volont\u00e9 et des moyens allou\u00e9s \u00e0 ce que des d\u00e9cisions soient prises par d&rsquo;autres personnes que les repr\u00e9sentant\u22c5e\u22c5s \u00e9lu\u22c5e\u22c5s. C&rsquo;est l\u00e0 qu&rsquo;entre en sc\u00e8ne &#8230;<\/p>\n<h2>La d\u00e9mocratie participative \u00e0 la rescousse<\/h2>\n<p>Donner la parole aux citoyen\u22c5ne\u22c5s, leur permettre de donner leur avis, de participer aux d\u00e9cisions politiques : C&rsquo;est la belle promesse de la d\u00e9mocratie participative. Elle est ainsi pos\u00e9e comme rem\u00e8de \u00e0 un syst\u00e8me repr\u00e9sentatif malade.<\/p>\n<p>Mais au del\u00e0 du fait que le terme est un pl\u00e9onasme (\u00ab\u00a0d\u00e9mocratie\u00a0\u00bb c\u2019est la participation du peuple, pourquoi on est oblig\u00e9 de le pr\u00e9ciser\u00a0?), ce type de dispositif pose tout un tas de probl\u00e8me. Ces questions sont tr\u00e8s bien d\u00e9taill\u00e9es dans le r\u00e9cent livre de Manon Loisel et Nicolas Rio, <a href=\"https:\/\/www.editionstextuel.com\/livre\/pour_en_finir_avec-_la_democratie_participative\"><strong><em>En finir avec la d\u00e9mocratie participative<\/em><\/strong><\/a>.<\/p>\n<p><img data-opt-id=1215574610  fetchpriority=\"high\" decoding=\"async\" src=\"https:\/\/mluknvwbnyjc.i.optimole.com\/w:197\/h:300\/q:mauto\/f:best\/https:\/\/laserfouette.fr\/wp-content\/uploads\/2024\/05\/Pour-en-finir-avec-la-democratie-participative.jpg\" sizes=\"(max-width: 197px) 100vw, 197px\" srcset=\"https:\/\/mluknvwbnyjc.i.optimole.com\/w:197\/h:300\/q:mauto\/f:best\/https:\/\/laserfouette.fr\/wp-content\/uploads\/2024\/05\/Pour-en-finir-avec-la-democratie-participative.jpg 197w, https:\/\/mluknvwbnyjc.i.optimole.com\/w:auto\/h:auto\/q:mauto\/f:best\/https:\/\/laserfouette.fr\/wp-content\/uploads\/2024\/05\/Pour-en-finir-avec-la-democratie-participative.jpg 400w\" alt=\"\" width=\"197\" height=\"300\" \/><\/p>\n<p>Je retiens de cette lecture plusieurs \u00e9cueils de ces dispositifs aux intentions souvent louables :<\/p>\n<ul>\n<li>Ce sont les m\u00eames personnes qui votent aux \u00e9lections, et participent aux consultations citoyennes. Les dispositifs sont cens\u00e9s faire entendre d&rsquo;autres voix \u2013 pour corriger les in\u00e9galit\u00e9s de participation en politique. Mais dans les faits, on y retrouve les m\u00eames profils homog\u00e8nes (retrait\u00e9s, dipl\u00f4m\u00e9s, etc.) qui donnent leur avis une deuxi\u00e8me fois. Face \u00e0 une majorit\u00e9 \u00e9loign\u00e9e des dispositifs de participation citoyenne, et d\u00e9j\u00e0 oubli\u00e9e des politiques publiques.<\/li>\n<\/ul>\n<ul>\n<li>Il existe bien les dispositifs de d\u00e9mocratie directe, o\u00f9 l&rsquo;objectif est de supprimer les interm\u00e9diaires dans les prises de d\u00e9cisions et o\u00f9 un panel de citoyens est\u00a0 s\u00e9lectionn\u00e9 pour \u00eatre repr\u00e9sentatif de la soci\u00e9t\u00e9 (par tirage au sort par exemple).\u00a0 Or, dans les diff\u00e9rentes exp\u00e9rimentations (comme la Convention Citoyenne pour le Climat), on a vu que les propositions issues de ces dispositifs, n&rsquo;ont pas abouties \u00e0 des prises de d\u00e9cisions de nos dirigeants, ni \u00e0 des changements politiques.<\/li>\n<\/ul>\n<ul>\n<li>Finalement, la d\u00e9mocratie participative sert d&rsquo;abord au \u00ab\u00a0glamour\u00a0\u00bb de la d\u00e9mocratie repr\u00e9sentative. Elle en masque les dysfonctionnements, sans les adresser en profondeur.<\/li>\n<\/ul>\n<h2>Et apr\u00e8s \u00e7a, la d\u00e9mocratie \u00ab\u00a0par le bas\u00a0\u00bb ?<\/h2>\n<p>Alors, <strong>est-ce qu&rsquo;on arr\u00eate de parler de d\u00e9mocratie dans nos collectifs ?<\/strong> Peut-\u00eatre pas &#8230;<\/p>\n<p>\u00c0 l&rsquo;\u00e9chelle de nos organisations, on peut \u00e9viter de tomber dans les \u00e9cueils \u00e9voqu\u00e9s ci-dessous, en rep\u00e9rant certains sch\u00e9mas qui r\u00e9p\u00e8tent ce qui se vit en politique nationale. Comme par exemple :<\/p>\n<ul>\n<li>Comme en d\u00e9mocratie repr\u00e9sentative, consid\u00e9rer les d\u00e9l\u00e9gu\u00e9s syndicaux comme \u00ab\u00a0ceux qui s\u2019y connaissent en politique\u00a0\u00bb, qui \u00ab\u00a0savent aller au conflit\u00a0\u00bb, et leur d\u00e9l\u00e9guer compl\u00e8tement tout ce pan de la vie d&rsquo;entreprise.<\/li>\n<li>Ou comme en d\u00e9mocratie participative, mettre dans des instances de d\u00e9cisions des personnes concern\u00e9es, d&rsquo;habitude \u00e9loign\u00e9es de la gouvernance. Mais sans s\u2019assurer que leur parole soit prise en compte. Ni que les conditions soient r\u00e9unies pour que leur participation permette l\u2019\u00e9mergence de conflit.<\/li>\n<\/ul>\n<p>\u00c0 la place, on peut s&rsquo;atteler \u00e0 mettre en pratique <strong>une d\u00e9mocratie \u00ab\u00a0par le bas\u00a0\u00bb<\/strong>. C&rsquo;est une des ambitions de l&rsquo;\u00e9ducation populaire.<br \/>\n(Du mal \u00e0 voir le lien entre d\u00e9mocratie et \u00e9ducation populaire ? C&rsquo;est expliqu\u00e9 dans<a href=\"https:\/\/www.sanstransition.org\/index.php\/5mn-deduc-pop\/quest-ce-que-leducation-populaire\/?utm_source=brevo&amp;utm_campaign=5mn%201&amp;utm_medium=email\"> cette vid\u00e9o et article<\/a>)<\/p>\n<p>Concr\u00e8tement, \u00e7a signifie mettre en place et faire vivre des espaces de conflits. Des temps o\u00f9 les int\u00e9r\u00eats contradictoires peuvent s&rsquo;exprimer, dans un contexte qui facilite \u00e7a. C&rsquo;est aussi donner la place aux r\u00e9cits, \u00e0 la parole des personnes trop peu \u00e9cout\u00e9es. Se questionner sur le pouvoir qu&rsquo;on a et comment en l\u00e2cher pour en laisser aux autres. Revoir la mani\u00e8re dont on prend des d\u00e9cisions en questionnant le consensus.<\/p>\n<p>Ce sont des pratiques exigeantes, qui viennent avec leur lot d&rsquo;injonctions, et de risques d&rsquo;\u00e9puisement. il s&rsquo;agit d&rsquo;y aller pas \u00e0 pas en prenant soin du collectif, de ses espaces. Rejoindre les personnes l\u00e0 o\u00f9 elles sont.<br \/>\nMais c&rsquo;est aussi la perspective de se sentir mieux en allant voter (ou en s&rsquo;abstenant), et de vivre la politique au quotidien.<\/p>\n<p><img data-opt-id=109535896  fetchpriority=\"high\" decoding=\"async\" src=\"https:\/\/mluknvwbnyjc.i.optimole.com\/w:1024\/h:498\/q:mauto\/f:best\/https:\/\/laserfouette.fr\/wp-content\/uploads\/2024\/05\/Democratie-1024x498.jpg\" sizes=\"(max-width: 1024px) 100vw, 1024px\" srcset=\"https:\/\/modulocoop.fr\/wp-content\/uploads\/2024\/05\/Democratie-1024x498.jpg 1024w, https:\/\/modulocoop.fr\/wp-content\/uploads\/2024\/05\/Democratie-300x146.jpg 300w, https:\/\/modulocoop.fr\/wp-content\/uploads\/2024\/05\/Democratie-768x374.jpg 768w, https:\/\/modulocoop.fr\/wp-content\/uploads\/2024\/05\/Democratie-1536x748.jpg 1536w, https:\/\/modulocoop.fr\/wp-content\/uploads\/2024\/05\/Democratie-2048x997.jpg 2048w, https:\/\/modulocoop.fr\/wp-content\/uploads\/2024\/05\/Democratie-583x284.jpg 583w\" alt=\"\" width=\"1024\" height=\"498\" \/><\/p>\n","protected":false},"excerpt":{"rendered":"<p>\u00ab\u00a0On vise un fonctionnement d\u00e9mocratique\u00a0\u00bb, un terme qui parait presque d\u00e9suet quand on l&#8217;emploie pour parler d&rsquo;organisation interne. On pr\u00e9f\u00e8re parler de valeurs de \u00ab\u00a0participation\u00a0\u00bb, \u00ab\u00a0d&rsquo;horizontalit\u00e9\u00a0\u00bb, de \u00ab\u00a0gouvernance partag\u00e9e\u00a0\u00bb pour parler de la r\u00e9partition des pouvoirs. Et pourtant la d\u00e9mocratie comme id\u00e9al impr\u00e8gne aussi nos collectifs. C&rsquo;est pourquoi, dans cette lettre, j&rsquo;aimerais tirer le fil [&hellip;]<\/p>\n","protected":false},"author":1,"featured_media":1417,"comment_status":"open","ping_status":"open","sticky":false,"template":"","format":"standard","meta":{"footnotes":""},"categories":[1],"tags":[],"class_list":["post-1416","post","type-post","status-publish","format-standard","has-post-thumbnail","hentry","category-non-classe"],"_links":{"self":[{"href":"https:\/\/laserfouette.fr\/index.php\/wp-json\/wp\/v2\/posts\/1416","targetHints":{"allow":["GET"]}}],"collection":[{"href":"https:\/\/laserfouette.fr\/index.php\/wp-json\/wp\/v2\/posts"}],"about":[{"href":"https:\/\/laserfouette.fr\/index.php\/wp-json\/wp\/v2\/types\/post"}],"author":[{"embeddable":true,"href":"https:\/\/laserfouette.fr\/index.php\/wp-json\/wp\/v2\/users\/1"}],"replies":[{"embeddable":true,"href":"https:\/\/laserfouette.fr\/index.php\/wp-json\/wp\/v2\/comments?post=1416"}],"version-history":[{"count":1,"href":"https:\/\/laserfouette.fr\/index.php\/wp-json\/wp\/v2\/posts\/1416\/revisions"}],"predecessor-version":[{"id":1696,"href":"https:\/\/laserfouette.fr\/index.php\/wp-json\/wp\/v2\/posts\/1416\/revisions\/1696"}],"wp:featuredmedia":[{"embeddable":true,"href":"https:\/\/laserfouette.fr\/index.php\/wp-json\/wp\/v2\/media\/1417"}],"wp:attachment":[{"href":"https:\/\/laserfouette.fr\/index.php\/wp-json\/wp\/v2\/media?parent=1416"}],"wp:term":[{"taxonomy":"category","embeddable":true,"href":"https:\/\/laserfouette.fr\/index.php\/wp-json\/wp\/v2\/categories?post=1416"},{"taxonomy":"post_tag","embeddable":true,"href":"https:\/\/laserfouette.fr\/index.php\/wp-json\/wp\/v2\/tags?post=1416"}],"curies":[{"name":"wp","href":"https:\/\/api.w.org\/{rel}","templated":true}]}}