{"id":1005,"date":"2023-01-11T11:03:49","date_gmt":"2023-01-11T10:03:49","guid":{"rendered":"https:\/\/modulocoop.fr\/?p=1005"},"modified":"2026-02-02T15:13:57","modified_gmt":"2026-02-02T14:13:57","slug":"plongee-dans-les-roles-implicites","status":"publish","type":"post","link":"https:\/\/laserfouette.fr\/index.php\/2023\/01\/11\/plongee-dans-les-roles-implicites\/","title":{"rendered":"Plong\u00e9e dans les r\u00f4les implicites"},"content":{"rendered":"<p>Dans un pr\u00e9c\u00e9dent\u00a0<a href=\"https:\/\/laserfouette.fr\/2022\/06\/15\/partager-les-pouvoirs-dans-un-collectif\/\" target=\"_blank\" rel=\"noopener\"><b>article<\/b><\/a>, je te parlais de la r\u00e9partition des pouvoirs dans un groupe. Je soulignais notamment que pour que le partage soit effectif, il ne faut pas s&rsquo;arr\u00eater au mode de prise de d\u00e9cision.\u00a0<\/p>\n<p>J&rsquo;\u00e9voquais aussi l&rsquo;importance de penser les r\u00f4les de chacun. C&rsquo;est de cela que je souhaite te parler aujourd&rsquo;hui. Mais alors de quoi s&rsquo;agit-il ?\u00a0\u00a0<\/p>\n<p>D&rsquo;abord par \u00ab\u00a0r\u00f4le\u00a0\u00bb, on peut entendre plusieurs choses &#8230;\u00a0<\/p>\n<p>Un aspect \u00ab\u00a0fonctionnel\u00a0\u00bb, explicite, semblable \u00e0 la \u00ab\u00a0responsabilit\u00e9\u00a0\u00bb\u00a0\u00a0\u219d Les r\u00f4les qu&rsquo;on\u00a0<u style=\"text-indent: 0em; color: var( --e-global-color-07e4c02 ); text-align: inherit;\">occupe<\/u>, pour lesquels on est identifi\u00e9s. Par exemple :\u00a0 animateur\u00b7ice, pr\u00e9sident\u00b7e, scribe, etc.\u00a0<\/p>\n<p>Et il y a aussi\u00a0<strong>les r\u00f4les personnels, implicites<\/strong>. Ceux qu&rsquo;on joue, qu&rsquo;on endosse, qu&rsquo;on prend. Un peu comme une posture ou parfois un masque.\u00a0<\/p>\n<p>C&rsquo;est cette 2\u00e8me cat\u00e9gorie que j&rsquo;aimerais d\u00e9velopper, parce que :\u00a0<\/p>\n<ul>\n<li>Ils tiennent une place importante dans la dynamique de groupe<\/li>\n<li>Pourtant, ils sont rarement nomm\u00e9s, parfois m\u00eame tabou. On ne dit pas qu&rsquo;\u00a0<em>\u00ab\u00a0on ne peut rien faire si Jacqueline n&rsquo;est pas l\u00e0\u00a0\u00bb<\/em>\u00a0ou que \u00ab\u00a0<em>Jules ne prend pas assez d&rsquo;initiative et se contente de suivre les leaders\u00a0\u00bb<\/em><\/li>\n<li>Dans un groupe qui aspire \u00e0 l&rsquo;horizontalit\u00e9, et en l&rsquo;absence de r\u00f4les fonctionnels claires,\u00a0 les r\u00f4les implicites peuvent prendre beaucoup de place.<\/li>\n<li>Il peuvent \u00eatre une cl\u00e9 de lecture et d&rsquo;analyse de certaines tensions, certains conflits.\u00a0<\/li>\n<\/ul>\n<p>Voila pourquoi j&rsquo;ai r\u00e9alis\u00e9 ce visuel et ce jeu de carte : un support \u00e0 l&rsquo;expression et l&rsquo;\u00e9change sur les r\u00f4les.\u00a0<\/p>\n\n\n<figure data-wp-context=\"{&quot;imageId&quot;:&quot;69f3afb9dc021&quot;}\" data-wp-interactive=\"core\/image\" data-wp-key=\"69f3afb9dc021\" class=\"wp-block-image size-large wp-lightbox-container\"><img data-opt-id=525306240  fetchpriority=\"high\" decoding=\"async\" width=\"1024\" height=\"768\" data-wp-class--hide=\"state.isContentHidden\" data-wp-class--show=\"state.isContentVisible\" data-wp-init=\"callbacks.setButtonStyles\" data-wp-on--click=\"actions.showLightbox\" data-wp-on--load=\"callbacks.setButtonStyles\" data-wp-on-window--resize=\"callbacks.setButtonStyles\" src=\"https:\/\/mluknvwbnyjc.i.optimole.com\/w:1024\/h:768\/q:mauto\/f:best\/https:\/\/laserfouette.fr\/wp-content\/uploads\/2022\/08\/Plongee-RS-scaled-1.jpg\" alt=\"10 r\u00f4les symbolis\u00e9 par des animaux marins\" class=\"wp-image-849\" srcset=\"https:\/\/mluknvwbnyjc.i.optimole.com\/w:1024\/h:768\/q:mauto\/f:best\/https:\/\/laserfouette.fr\/wp-content\/uploads\/2022\/08\/Plongee-RS-scaled-1.jpg 1024w, https:\/\/mluknvwbnyjc.i.optimole.com\/w:300\/h:225\/q:mauto\/f:best\/https:\/\/laserfouette.fr\/wp-content\/uploads\/2022\/08\/Plongee-RS-scaled-1.jpg 300w, https:\/\/mluknvwbnyjc.i.optimole.com\/w:768\/h:576\/q:mauto\/f:best\/https:\/\/laserfouette.fr\/wp-content\/uploads\/2022\/08\/Plongee-RS-scaled-1.jpg 768w, https:\/\/mluknvwbnyjc.i.optimole.com\/w:1536\/h:1152\/q:mauto\/f:best\/https:\/\/laserfouette.fr\/wp-content\/uploads\/2022\/08\/Plongee-RS-scaled-1.jpg 1536w, https:\/\/mluknvwbnyjc.i.optimole.com\/w:1920\/h:1440\/q:mauto\/f:best\/https:\/\/laserfouette.fr\/wp-content\/uploads\/2022\/08\/Plongee-RS-scaled-1.jpg 2048w\" sizes=\"(max-width: 1000px) 100vw, 1000px\" \/><button\n\t\t\tclass=\"lightbox-trigger\"\n\t\t\ttype=\"button\"\n\t\t\taria-haspopup=\"dialog\"\n\t\t\taria-label=\"Agrandir\"\n\t\t\tdata-wp-init=\"callbacks.initTriggerButton\"\n\t\t\tdata-wp-on--click=\"actions.showLightbox\"\n\t\t\tdata-wp-style--right=\"state.imageButtonRight\"\n\t\t\tdata-wp-style--top=\"state.imageButtonTop\"\n\t\t>\n\t\t\t<svg xmlns=\"http:\/\/www.w3.org\/2000\/svg\" width=\"12\" height=\"12\" fill=\"none\" viewBox=\"0 0 12 12\">\n\t\t\t\t<path fill=\"#fff\" d=\"M2 0a2 2 0 0 0-2 2v2h1.5V2a.5.5 0 0 1 .5-.5h2V0H2Zm2 10.5H2a.5.5 0 0 1-.5-.5V8H0v2a2 2 0 0 0 2 2h2v-1.5ZM8 12v-1.5h2a.5.5 0 0 0 .5-.5V8H12v2a2 2 0 0 1-2 2H8Zm2-12a2 2 0 0 1 2 2v2h-1.5V2a.5.5 0 0 0-.5-.5H8V0h2Z\" \/>\n\t\t\t<\/svg>\n\t\t<\/button><\/figure>\n\n\n\n<p>Il n&rsquo;y a pas d\u2019utilisation prescrite de cet outil : c\u2019est un support \u00e0 la discussion. Il vous invite \u00e0 plonger dans cette complexit\u00e9 du collectif, tout en \u00e9vitant le jugement (envers les autres, mais aussi envers soi-m\u00eame).<\/p>\n\n\n\n<p>Voici quelques pistes de r\u00e9flexion pour un temps d\u00e9di\u00e9 aux r\u00f4les implicites :<\/p>\n\n\n\n<h5 class=\"wp-block-heading\">Individuellement<\/h5>\n\n\n\n<ul class=\"wp-block-list\">\n<li>\u00c0 quel(s) r\u00f4le(s) je m\u2019identifie (dans un contexte donn\u00e9)\u00a0?<\/li>\n\n\n\n<li>Est-ce que cela change selon la situation\u00a0?<\/li>\n\n\n\n<li>Est-ce que cela me convient\u00a0? Dans quelle mesure est-ce que j\u2019ai eu la possibilit\u00e9 de le choisir ?<\/li>\n\n\n\n<li>Quand je suis dans ce r\u00f4le, quand est-ce que cela soutient le groupe ? Quand est-ce qu\u2019il est freinant ?<\/li>\n\n\n\n<li>Quelle demande je peux faire au groupe pour faire \u00e9voluer un r\u00f4le qui n&rsquo;est pas satisfaisant pour moi ?<\/li>\n<\/ul>\n\n\n\n<h5 class=\"wp-block-heading\">Collectivement<\/h5>\n\n\n\n<ul class=\"wp-block-list\">\n<li>Quels r\u00f4les avons-nous tendance \u00e0 consid\u00e9rer comme \u00ab\u00a0indispensable\u00a0\u00bb ?\u00a0<\/li>\n\n\n\n<li>Lesquels avons nous tendance \u00e0 stigmatiser, d\u00e9valoriser ?\u00a0<\/li>\n\n\n\n<li>Qu\u2019est-ce que permettrait une r\u00e9partition plus \u00e9quitable des r\u00f4les ?<\/li>\n\n\n\n<li>De quoi avons-nous besoin pour faire \u00e9voluer cela ?<\/li>\n\n\n\n<li>Qu\u2019est-ce que cela implique\u00a0?<\/li>\n<\/ul>\n\n\n\n<p><\/p>\n","protected":false},"excerpt":{"rendered":"<p>Dans un pr\u00e9c\u00e9dent\u00a0article, je te parlais de la r\u00e9partition des pouvoirs dans un groupe. Je soulignais notamment que pour que le partage soit effectif, il ne faut pas s&rsquo;arr\u00eater au mode de prise de d\u00e9cision.\u00a0 J&rsquo;\u00e9voquais aussi l&rsquo;importance de penser les r\u00f4les de chacun. C&rsquo;est de cela que je souhaite te parler aujourd&rsquo;hui. Mais alors [&hellip;]<\/p>\n","protected":false},"author":1,"featured_media":849,"comment_status":"open","ping_status":"open","sticky":false,"template":"","format":"standard","meta":{"footnotes":""},"categories":[1],"tags":[],"class_list":["post-1005","post","type-post","status-publish","format-standard","has-post-thumbnail","hentry","category-non-classe"],"_links":{"self":[{"href":"https:\/\/laserfouette.fr\/index.php\/wp-json\/wp\/v2\/posts\/1005","targetHints":{"allow":["GET"]}}],"collection":[{"href":"https:\/\/laserfouette.fr\/index.php\/wp-json\/wp\/v2\/posts"}],"about":[{"href":"https:\/\/laserfouette.fr\/index.php\/wp-json\/wp\/v2\/types\/post"}],"author":[{"embeddable":true,"href":"https:\/\/laserfouette.fr\/index.php\/wp-json\/wp\/v2\/users\/1"}],"replies":[{"embeddable":true,"href":"https:\/\/laserfouette.fr\/index.php\/wp-json\/wp\/v2\/comments?post=1005"}],"version-history":[{"count":2,"href":"https:\/\/laserfouette.fr\/index.php\/wp-json\/wp\/v2\/posts\/1005\/revisions"}],"predecessor-version":[{"id":1701,"href":"https:\/\/laserfouette.fr\/index.php\/wp-json\/wp\/v2\/posts\/1005\/revisions\/1701"}],"wp:featuredmedia":[{"embeddable":true,"href":"https:\/\/laserfouette.fr\/index.php\/wp-json\/wp\/v2\/media\/849"}],"wp:attachment":[{"href":"https:\/\/laserfouette.fr\/index.php\/wp-json\/wp\/v2\/media?parent=1005"}],"wp:term":[{"taxonomy":"category","embeddable":true,"href":"https:\/\/laserfouette.fr\/index.php\/wp-json\/wp\/v2\/categories?post=1005"},{"taxonomy":"post_tag","embeddable":true,"href":"https:\/\/laserfouette.fr\/index.php\/wp-json\/wp\/v2\/tags?post=1005"}],"curies":[{"name":"wp","href":"https:\/\/api.w.org\/{rel}","templated":true}]}}